{"id":213467,"date":"2026-03-16T09:25:43","date_gmt":"2026-03-16T08:25:43","guid":{"rendered":"https:\/\/integratek.es\/?p=213467"},"modified":"2026-03-16T09:30:21","modified_gmt":"2026-03-16T08:30:21","slug":"claus-entorn-emocionalment-escola","status":"publish","type":"post","link":"https:\/\/integratek.es\/ca\/2026\/03\/16\/claus-entorn-emocionalment-escola\/","title":{"rendered":"5 claus per crear un entorn emocionalment segur a l&#8217;escola"},"content":{"rendered":"\n<div class=\"row\"  id=\"row-741322393\">\n\n\n\t<div id=\"col-99076596\" class=\"col small-12 large-12\"  >\n\t\t\t\t<div class=\"col-inner\"  >\n\t\t\t\n\t\t\t\n\n<p><span style=\"font-weight: 400;\">Sabem que l&#8217;aprenentatge no nom\u00e9s dep\u00e8n dels continguts o de la metodologia. El <\/span><b>clima emocional de l&#8217;aula<\/b><span style=\"font-weight: 400;\"> t\u00e9 un impacte directe en la motivaci\u00f3, la participaci\u00f3 i la capacitat dels estudiants per concentrar-se i aprendre.<\/span><\/p>\n<p><span style=\"font-weight: 400;\">Quan un alumne se sent segur, compr\u00e8s i respectat, el cervell est\u00e0 m\u00e9s disponible per explorar, preguntar i assumir reptes. En canvi, quan predomina la por de l&#8217;error, la cr\u00edtica o la inseguretat, el sistema d&#8217;alerta s&#8217;activa i l&#8217;aprenentatge \u00e9s m\u00e9s dif\u00edcil.<\/span><\/p>\n<p><span style=\"font-weight: 400;\">Per aix\u00f2, crear un <\/span><b>entorn emocionalment segur<\/b><span style=\"font-weight: 400;\"> no \u00e9s nom\u00e9s una q\u00fcesti\u00f3 de benestar. \u00c9s una condici\u00f3 essencial perqu\u00e8 l&#8217;aprenentatge passi.<\/span><\/p>\n<p><span style=\"font-weight: 400;\">A continuaci\u00f3, presentem cinc claus que poden ajudar a construir aquest tipus de clima a l&#8217;escola.<\/span><\/p>\n\t<div id=\"gap-1504065184\" class=\"gap-element clearfix\" style=\"display:block; height:auto;\">\n\t\t\n<style>\n#gap-1504065184 {\n  padding-top: 30px;\n}\n<\/style>\n\t<\/div>\n\t\n\n<h2>1. La seguretat emocional comen\u00e7a a la relaci\u00f3<\/h2>\n<p><span style=\"font-weight: 400;\">La base d&#8217;un entorn segur \u00e9s la <\/span><b>relaci\u00f3 entre el docent i l&#8217;alumnat<\/b><span style=\"font-weight: 400;\">. Els estudiants necessiten percebre que l&#8217;adult que els acompanya \u00e9s una figura de refer\u00e8ncia estable, que escolta, observa i respon amb respecte.<\/span><\/p>\n<p><span style=\"font-weight: 400;\">Petits gestos quotidians tenen un gran impacte: saludar en entrar a classe, interessar-se per com se senten, mirar els alumnes quan parlen o validar els seus esfor\u00e7os. Aquests gestos construeixen un missatge impl\u00edcit molt poder\u00f3s: <\/span><i><span style=\"font-weight: 400;\">aqu\u00ed ets vist i tens un lloc<\/span><\/i><span style=\"font-weight: 400;\">.<\/span><\/p>\n<p><span style=\"font-weight: 400;\">Quan la relaci\u00f3 \u00e9s s\u00f2lida, l&#8217;alumnat se sent m\u00e9s disposat a participar ia assumir desafiaments acad\u00e8mics.<\/span><\/p>\n<p><span style=\"font-weight: 400;\">La qualitat de les relacions que es fan a l&#8217;aula \u00e9s un dels pilars de la conviv\u00e8ncia escolar. Al nostre article sobre <\/span><a href=\"https:\/\/integratek.es\/2026\/01\/26\/convivencia-relaciones-respetuosas-aula\/\"><b>conviv\u00e8ncia i relacions respectuoses a l&#8217;aula<\/b><\/a><span style=\"font-weight: 400;\"> explorem amb m\u00e9s profunditat com el respecte mutu i l&#8217;escolta activa contribueixen a crear entorns educatius m\u00e9s segurs i col\u00b7laboratius.<\/span><\/p>\n\t<div id=\"gap-1123925284\" class=\"gap-element clearfix\" style=\"display:block; height:auto;\">\n\t\t\n<style>\n#gap-1123925284 {\n  padding-top: 30px;\n}\n<\/style>\n\t<\/div>\n\t\n\n<h2>2. L&#8217;error ha de ser un espai segur<\/h2>\n<p><span style=\"font-weight: 400;\">En molts contextos escolars, l&#8217;error continua vivint com una cosa que cal evitar. Tot i aix\u00f2, des de la perspectiva de l&#8217;aprenentatge, l&#8217;error \u00e9s una <\/span><b>font d&#8217;informaci\u00f3<\/b><span style=\"font-weight: 400;\">.<\/span><\/p>\n<p><span style=\"font-weight: 400;\">Un entorn emocionalment segur permet que l&#8217;alumne s&#8217;equivoqui sense por de la humiliaci\u00f3 o la cr\u00edtica constant. En lloc de centrar-se \u00fanicament en la resposta correcta, el docent pot posar el focus al <\/span><b>proc\u00e9s<\/b><span style=\"font-weight: 400;\">, preguntant quina estrat\u00e8gia s&#8217;ha utilitzat o qu\u00e8 es podria fer diferent.<\/span><\/p>\n<p><span style=\"font-weight: 400;\">Quan l&#8217;error es converteix en part natural de l&#8217;aprenentatge, disminueix l&#8217;ansietat i augmenta la disposici\u00f3 a intentar resoldre nous reptes.<\/span><\/p>\n<p><span style=\"font-weight: 400;\">Aquesta experi\u00e8ncia tamb\u00e9 est\u00e0 directament relacionada amb la <\/span><b>motivaci\u00f3 acad\u00e8mica<\/b><span style=\"font-weight: 400;\">. Quan l&#8217;alumne percep que pot aprendre i millorar, augmenta la seva implicaci\u00f3 en les tasques. A l&#8217;article sobre <\/span><a href=\"https:\/\/integratek.es\/2025\/10\/27\/motivacion-y-rendimiento-academico\/\"><b>motivaci\u00f3 i rendiment acad\u00e8mic<\/b><\/a><span style=\"font-weight: 400;\"> analitzem com la percepci\u00f3 de compet\u00e8ncia influeix en la participaci\u00f3 i l&#8217;esfor\u00e7 de l&#8217;alumnat.<\/span><\/p>\n\t<div id=\"gap-468808267\" class=\"gap-element clearfix\" style=\"display:block; height:auto;\">\n\t\t\n<style>\n#gap-468808267 {\n  padding-top: 30px;\n}\n<\/style>\n\t<\/div>\n\t\n\n<h2>3. Les normes han de generar claredat, no por<\/h2>\n<p><span style=\"font-weight: 400;\">La seguretat emocional no vol dir abs\u00e8ncia de l\u00edmits. De fet, les normes clares ajuden a crear un entorn m\u00e9s predictible i tranquil.<\/span><\/p>\n<p><span style=\"font-weight: 400;\">Quan l&#8217;alumnat ent\u00e9n qu\u00e8 se n&#8217;espera i quines s\u00f3n les conseq\u00fc\u00e8ncies de les seves accions, es redueix la incertesa. Les normes funcionen millor quan s&#8217;expliquen des del sentit i no nom\u00e9s des de l&#8217;autoritat.<\/span><\/p>\n<p><span style=\"font-weight: 400;\">Una aula amb regles coherents i consistents transmet una sensaci\u00f3 de <\/span><b>estructura i estabilitat<\/b><span style=\"font-weight: 400;\">, elements clau per a la regulaci\u00f3 emocional.<\/span><\/p>\n\t<div id=\"gap-530171131\" class=\"gap-element clearfix\" style=\"display:block; height:auto;\">\n\t\t\n<style>\n#gap-530171131 {\n  padding-top: 30px;\n}\n<\/style>\n\t<\/div>\n\t\n\n<h2>4. Les emocions tamb\u00e9 s&#8217;ensenyen<\/h2>\n<p><span style=\"font-weight: 400;\">L&#8217;escola \u00e9s un espai privilegiat per aprendre a identificar i gestionar emocions. Aix\u00f2 no requereix necess\u00e0riament programes complexos; sovint comen\u00e7a amb <\/span><b>donar nom al que passa<\/b><span style=\"font-weight: 400;\">.<\/span><\/p>\n<p><span style=\"font-weight: 400;\">Recon\u00e8ixer la frustraci\u00f3 despr\u00e9s d&#8217;un exercici dif\u00edcil, parlar sobre com ens sentim davant d&#8217;un examen o ajudar un alumne a expressar el seu enuig de manera adequada s\u00f3n oportunitats educatives valuoses.<\/span><\/p>\n<p><span style=\"font-weight: 400;\">Quan l&#8217;alumnat apr\u00e8n a recon\u00e8ixer les seves emocions i a regular-les, augmenta la capacitat de concentraci\u00f3 i la disposici\u00f3 per aprendre.<\/span><\/p>\n<p><span style=\"font-weight: 400;\">La <\/span><b>regulaci\u00f3 emocional<\/b><span style=\"font-weight: 400;\"> \u00e9s una compet\u00e8ncia clau per al benestar i l&#8217;aprenentatge. Al nostre article sobre <\/span><a href=\"https:\/\/integratek.es\/2025\/09\/08\/regulacion-emocional-adaptacion-escolar\/\"><b>regulaci\u00f3 emocional i adaptaci\u00f3 escolar<\/b><\/a><span style=\"font-weight: 400;\"> expliquem com desenvolupar aquestes habilitats ajuda els estudiants a afrontar millor els reptes de l&#8217;entorn educatiu.<\/span><\/p>\n\t<div id=\"gap-203467414\" class=\"gap-element clearfix\" style=\"display:block; height:auto;\">\n\t\t\n<style>\n#gap-203467414 {\n  padding-top: 30px;\n}\n<\/style>\n\t<\/div>\n\t\n\n<h2>5. El docent regula el clima de l&#8217;aula<\/h2>\n<p><span style=\"font-weight: 400;\">El clima emocional no sorgeix per casualitat. En gran mesura, est\u00e0 influ\u00eft per la manera com el docent gestiona les situacions quotidianes.<\/span><\/p>\n<p><span style=\"font-weight: 400;\">La manera de respondre davant d&#8217;un conflicte, d&#8217;acompanyar un error o d&#8217;introduir una activitat marca la difer\u00e8ncia. Un adult que regula el seu propi to, que escolta abans de reaccionar i que mant\u00e9 una actitud calmada transmet seguretat al grup.<\/span><\/p>\n<p><span style=\"font-weight: 400;\">D&#8217;alguna manera, el docent actua com un <\/span><b>regulador del clima emocional<\/b><span style=\"font-weight: 400;\"> de l&#8217;aula.<\/span><\/p>\n\t<div id=\"gap-665237229\" class=\"gap-element clearfix\" style=\"display:block; height:auto;\">\n\t\t\n<style>\n#gap-665237229 {\n  padding-top: 30px;\n}\n<\/style>\n\t<\/div>\n\t\n\n<h2>Aprendre tamb\u00e9 \u00e9s sentir-se segur<\/h2>\n<p><span style=\"font-weight: 400;\">La investigaci\u00f3 en educaci\u00f3 i neuroci\u00e8ncia coincideix en una idea fonamental: l&#8217;aprenentatge passa millor quan l&#8217;alumnat se sent segur.<\/span><\/p>\n<p><span style=\"font-weight: 400;\">I\u2019<\/span><b>entorn emocionalment segur<\/b><span style=\"font-weight: 400;\"> no elimina els desafiaments, per\u00f2 s\u00ed que crea les condicions necess\u00e0ries per afrontar-los amb confian\u00e7a. Permet preguntar sense por, equivocar-se sense vergonya i participar sense sentir-se jutjat.<\/span><\/p>\n<p><span style=\"font-weight: 400;\">Quan l&#8217;escola es converteix en un espai on les relacions, el respecte i la comprensi\u00f3 formen part de l&#8217;experi\u00e8ncia quotidiana, l&#8217;aprenentatge deixa de ser nom\u00e9s una exig\u00e8ncia acad\u00e8mica i esdev\u00e9 una oportunitat real de creixement.<\/span><\/p>\n\n\t\t<\/div>\n\t\t\t\t\t<\/div>\n\n\t\n\n<\/div>\n<div class=\"row\"  id=\"row-20160390\">\n\n\n\t<div id=\"col-701576417\" class=\"col small-12 large-12\"  >\n\t\t\t\t<div class=\"col-inner\"  >\n\t\t\t\n\t\t\t\n\n\t<div id=\"text-3195005589\" class=\"text\">\n\t\t\n\n<h2>Aquesta formaci\u00f3 podria interessar-te<\/h2>\n\t\t\n<style>\n#text-3195005589 {\n  font-size: 1.25rem;\n}\n<\/style>\n\t<\/div>\n\t\n\n\t\t<\/div>\n\t\t\t\t\t<\/div>\n\n\t\n\n\t<div id=\"col-1100326538\" class=\"col small-12 large-12\"  >\n\t\t\t\t<div class=\"col-inner\"  >\n\t\t\t\n\t\t\t\n\n\t<div id=\"text-2817769346\" class=\"text\">\n\t\t\n\n<h3>Intervenci\u00f3 emocional i de conducta en nens i adolescents\n<\/p>\n<\/h3>\n\n\t\t\n<style>\n#text-2817769346 {\n  font-size: 1.25rem;\n}\n<\/style>\n\t<\/div>\n\t\n\t<div id=\"text-2780109819\" class=\"text\">\n\t\t\n\n<p>\nGestiona les emocions i conductes de nens i adolescents amb eines estrat\u00e8giques i pr\u00e0ctiques.<\/p>\n\n\t\t\n<style>\n#text-2780109819 {\n  font-size: 1.25rem;\n}\n<\/style>\n\t<\/div>\n\t\n\t<div class=\"img has-hover x md-x lg-x y md-y lg-y\" id=\"image_84359414\">\n\t\t<a class=\"\" href=\"https:\/\/integratek.es\/ca\/botiga\/cursos-online-ca\/intervencio-emocional-i-de-conducta\/intervencio-emocional-i-de-conducta-en-nens-i-adolescents\/\" >\t\t\t\t\t\t<div class=\"img-inner dark\" style=\"margin:0px 0px 40px 0px;\">\n\t\t\t<img loading=\"lazy\" decoding=\"async\" width=\"484\" height=\"268\" src=\"https:\/\/integratek.es\/wp-content\/uploads\/2026\/03\/Captura-de-Pantalla-2026-03-16-a-las-9.24.45.png\" class=\"attachment-large size-large\" alt=\"\" \/>\t\t\t\t\t\t\n\t\t\t\t\t<\/div>\n\t\t\t\t\t\t<\/a>\t\t\n<style>\n#image_84359414 {\n  width: 100%;\n}\n<\/style>\n\t<\/div>\n\t\n\n<a data-animate=\"fadeInLeft\" href=\"https:\/\/integratek.es\/ca\/botiga\/cursos-online-ca\/intervencio-emocional-i-de-conducta\/intervencio-emocional-i-de-conducta-en-nens-i-adolescents\/\" class=\"button primary\" >\n\t\t<span>COMEN\u00c7A ARA<\/span>\n\t<\/a>\n\n\n\n\t\t<\/div>\n\t\t\t\t\t<\/div>\n\n\t\n\n<\/div>\n\n\n\n<p><\/p>\n","protected":false},"excerpt":{"rendered":"<p>Descobreix 5 claus pr\u00e0ctiques per crear un entorn emocionalment segur a l&#8217;escola i afavorir el benestar, la participaci\u00f3 i l&#8217;aprenentatge de l&#8217;alumnat.<\/p>\n","protected":false},"author":119844,"featured_media":213470,"comment_status":"open","ping_status":"closed","sticky":false,"template":"","format":"standard","meta":{"_acf_changed":false,"footnotes":""},"categories":[876,908,877,878],"tags":[1219,302,1001,892,1221,304,1185,1218],"class_list":["post-213467","post","type-post","status-publish","format-standard","has-post-thumbnail","hentry","category-atencio-a-la-diversitat","category-educacio","category-educacio-i-escola","category-neurociencia-ca","tag-aprendre-a-aprendre","tag-autonomia","tag-autonomia-2","tag-autoregulacio","tag-estrategies-educatives","tag-funciones-ejecutivas","tag-funcions-executives","tag-metacognicio"],"acf":[],"_links":{"self":[{"href":"https:\/\/integratek.es\/ca\/wp-json\/wp\/v2\/posts\/213467","targetHints":{"allow":["GET"]}}],"collection":[{"href":"https:\/\/integratek.es\/ca\/wp-json\/wp\/v2\/posts"}],"about":[{"href":"https:\/\/integratek.es\/ca\/wp-json\/wp\/v2\/types\/post"}],"author":[{"embeddable":true,"href":"https:\/\/integratek.es\/ca\/wp-json\/wp\/v2\/users\/119844"}],"replies":[{"embeddable":true,"href":"https:\/\/integratek.es\/ca\/wp-json\/wp\/v2\/comments?post=213467"}],"version-history":[{"count":3,"href":"https:\/\/integratek.es\/ca\/wp-json\/wp\/v2\/posts\/213467\/revisions"}],"predecessor-version":[{"id":213477,"href":"https:\/\/integratek.es\/ca\/wp-json\/wp\/v2\/posts\/213467\/revisions\/213477"}],"wp:featuredmedia":[{"embeddable":true,"href":"https:\/\/integratek.es\/ca\/wp-json\/wp\/v2\/media\/213470"}],"wp:attachment":[{"href":"https:\/\/integratek.es\/ca\/wp-json\/wp\/v2\/media?parent=213467"}],"wp:term":[{"taxonomy":"category","embeddable":true,"href":"https:\/\/integratek.es\/ca\/wp-json\/wp\/v2\/categories?post=213467"},{"taxonomy":"post_tag","embeddable":true,"href":"https:\/\/integratek.es\/ca\/wp-json\/wp\/v2\/tags?post=213467"}],"curies":[{"name":"wp","href":"https:\/\/api.w.org\/{rel}","templated":true}]}}