{"id":212419,"date":"2026-01-26T09:46:01","date_gmt":"2026-01-26T08:46:01","guid":{"rendered":"https:\/\/integratek.es\/?p=212419"},"modified":"2026-01-26T09:55:05","modified_gmt":"2026-01-26T08:55:05","slug":"convivencia-relacions-respectuoses-aula","status":"publish","type":"post","link":"https:\/\/integratek.es\/ca\/2026\/01\/26\/convivencia-relacions-respectuoses-aula\/","title":{"rendered":"Educar per conviure millor i construir relacions respectuoses a l&#8217;aula"},"content":{"rendered":"\n<div class=\"row\"  id=\"row-714066939\">\n\n\n\t<div id=\"col-245750824\" class=\"col small-12 large-12\"  >\n\t\t\t\t<div class=\"col-inner\"  >\n\t\t\t\n\t\t\t\n\n<p><span style=\"font-weight: 400;\">La conviv\u00e8ncia a l&#8217;aula no \u00e9s un aspecte secundari de l&#8217;aprenentatge. \u00c9s la base. Aprendre a conviure, a relacionar-se amb respecte ia gestionar els conflictes de manera constructiva \u00e9s una compet\u00e8ncia fonamental per al desenvolupament personal, social i acad\u00e8mic de l&#8217;alumnat.<\/span><\/p>\n<p><span style=\"font-weight: 400;\">No obstant aix\u00f2, en un context educatiu cada cop m\u00e9s exigent, marcat per l&#8217;estr\u00e8s, la sobrec\u00e0rrega emocional i la diversitat de realitats, <\/span><b>la conviv\u00e8ncia no se sost\u00e9 nom\u00e9s amb normes<\/b><span style=\"font-weight: 400;\">. Necessita intenci\u00f3 educativa, eines relacionals i una mirada que entengui el conflicte com a part del proc\u00e9s d&#8217;aprenentatge.<\/span><\/p>\n<p><span style=\"font-weight: 400;\">Educar per conviure millor implica ensenyar a <\/span><b>escoltar, expressar, comprendre i regular<\/b><span style=\"font-weight: 400;\">, tant als que aprenen com als que acompanyen.<\/span><\/p>\n\t<div id=\"gap-1285492292\" class=\"gap-element clearfix\" style=\"display:block; height:auto;\">\n\t\t\n<style>\n#gap-1285492292 {\n  padding-top: 30px;\n}\n<\/style>\n\t<\/div>\n\t\n\n<h2>La conviv\u00e8ncia com a aprenentatge, no com a control<\/h2>\n<p><span style=\"font-weight: 400;\">Conviure no vol dir evitar el conflicte, sin\u00f3 <\/span><b>aprendre a gestionar-ho<\/b><span style=\"font-weight: 400;\">. A l&#8217;aula, els conflictes s\u00f3n inevitables: difer\u00e8ncies de ritme, xocs emocionals, frustracions, necessitats no cobertes. La clau no \u00e9s eliminar-los, sin\u00f3 a <\/span><b>com els abordem<\/b><span style=\"font-weight: 400;\">.<\/span><\/p>\n<p><span style=\"font-weight: 400;\">Tal com es desenvolupa a l&#8217;article <\/span><a href=\"https:\/\/integratek.es\/2025\/12\/22\/educar-en-valores-empatia-gratitud\/\"><i><span style=\"font-weight: 400;\">Educar en valors: l&#8217;empatia i la gratitud com a aprenentatges per a la vida<\/span><\/i><\/a><span style=\"font-weight: 400;\">, l&#8217;educaci\u00f3 en valors no \u00e9s un afegit al curr\u00edculum, sin\u00f3 una manera de sostenir aprenentatges m\u00e9s profunds i relacions m\u00e9s sanes. Quan l&#8217;alumnat se sent escoltat i reconegut, disminueixen les conductes defensives i augmenta la disposici\u00f3 a cooperar.<\/span><\/p>\n<p><span style=\"font-weight: 400;\">Des d&#8217;aquesta perspectiva, la conviv\u00e8ncia deixa de ser una q\u00fcesti\u00f3 disciplin\u00e0ria per convertir-se en un <\/span><b>aprenentatge relacional<\/b><span style=\"font-weight: 400;\">.<\/span><\/p>\n\t<div id=\"gap-1842350410\" class=\"gap-element clearfix\" style=\"display:block; height:auto;\">\n\t\t\n<style>\n#gap-1842350410 {\n  padding-top: 30px;\n}\n<\/style>\n\t<\/div>\n\t\n\n<h2>Emoci\u00f3, estr\u00e8s i relacions a l&#8217;aula<\/h2>\n<p><span style=\"font-weight: 400;\">La neuroeducaci\u00f3 ens recorda que <\/span><b>no es pot conviure b\u00e9 des de l&#8217;estr\u00e8s<\/b><span style=\"font-weight: 400;\">. Quan el sistema nervi\u00f3s est\u00e0 en alerta, la capacitat d&#8217;escoltar, empatitzar i regular la conducta es veu compromesa.<\/span><\/p>\n<p><span style=\"font-weight: 400;\">A l&#8217;article <\/span><a href=\"https:\/\/integratek.es\/2025\/11\/03\/estres-y-aprendizaje-como-reducirlo-en-el-aula\/\"><i><span style=\"font-weight: 400;\">Estr\u00e8s i aprenentatge: com reduir-lo a l&#8217;aula<\/span><\/i><\/a><span style=\"font-weight: 400;\"> es posa en relleu com els nivells elevats d&#8217;estr\u00e8s interfereixen tant en l&#8217;aprenentatge com en la conviv\u00e8ncia. Una aula amb alta c\u00e0rrega emocional no regulada afavoreix respostes impulsives, conflictes recurrents i dificultats per reparar el vincle.<\/span><\/p>\n<p><span style=\"font-weight: 400;\">Per aix\u00f2, educar per conviure millor implica:<\/span><\/p>\n<ul>\n<li style=\"font-weight: 400;\" aria-level=\"1\"><span style=\"font-weight: 400;\">generar entorns emocionalment segurs,<\/span><\/li>\n<li style=\"font-weight: 400;\" aria-level=\"1\"><span style=\"font-weight: 400;\">oferir models adults de regulaci\u00f3,<\/span><\/li>\n<li style=\"font-weight: 400;\" aria-level=\"1\"><span style=\"font-weight: 400;\">i ensenyar estrat\u00e8gies de comunicaci\u00f3 que redueixin l&#8217;escalada del conflicte.<\/span><\/li>\n<\/ul>\n\t<div id=\"gap-1579686797\" class=\"gap-element clearfix\" style=\"display:block; height:auto;\">\n\t\t\n<style>\n#gap-1579686797 {\n  padding-top: 30px;\n}\n<\/style>\n\t<\/div>\n\t\n\n<h2>La comunicaci\u00f3 com a eix de la conviv\u00e8ncia<\/h2>\n<p><span style=\"font-weight: 400;\">Moltes situacions de conflicte a l&#8217;aula no tenen l&#8217;origen en la mala intenci\u00f3, sin\u00f3 en <\/span><b>dificultats per expressar necessitats, emocions o l\u00edmits<\/b><span style=\"font-weight: 400;\">. Aprendre a comunicar-se de manera respectuosa \u00e9s una compet\u00e8ncia que no sorgeix espont\u00e0niament: s&#8217;ensenya, es modela i es practica.<\/span><\/p>\n<p><span style=\"font-weight: 400;\">L&#8217;article <\/span><a href=\"https:\/\/integratek.es\/2025\/11\/17\/comunicacion-no-violenta-convivencia-escolar\/\"><i><span style=\"font-weight: 400;\">Comunicaci\u00f3 no violenta i conviv\u00e8ncia escolar<\/span><\/i> <\/a><span style=\"font-weight: 400;\">aprofundeix aquesta idea, mostrant com el llenguatge que utilitzem influeix directament en el clima relacional de l&#8217;aula. Canviar la manera de parlar implica tamb\u00e9 canviar la manera de mirar l&#8217;altre.<\/span><\/p>\n<p><span style=\"font-weight: 400;\">La <\/span><b>Comunicaci\u00f3 No Violenta (CNV)<\/b><span style=\"font-weight: 400;\"> aporta un marc especialment \u00fatil en educaci\u00f3, en centrar-se en:<\/span><\/p>\n<ul>\n<li style=\"font-weight: 400;\" aria-level=\"1\"><span style=\"font-weight: 400;\">l&#8217;observaci\u00f3 sense judici,<\/span><\/li>\n<li style=\"font-weight: 400;\" aria-level=\"1\"><span style=\"font-weight: 400;\">la identificaci\u00f3 d&#8217;emocions,<\/span><\/li>\n<li style=\"font-weight: 400;\" aria-level=\"1\"><span style=\"font-weight: 400;\">el reconeixement de necessitats,<\/span><\/li>\n<li style=\"font-weight: 400;\" aria-level=\"1\"><span style=\"font-weight: 400;\">i la formulaci\u00f3 de peticions clares i respectuoses.<\/span><\/li>\n<\/ul>\n<p><span style=\"font-weight: 400;\">M\u00e9s que una t\u00e8cnica, la CNV en proposa una <\/span><b>mirada relacional<\/b><span style=\"font-weight: 400;\"> que afavoreix la comprensi\u00f3 m\u00fatua i la reparaci\u00f3 de l&#8217;enlla\u00e7.<\/span><\/p>\n\t<div id=\"gap-460559700\" class=\"gap-element clearfix\" style=\"display:block; height:auto;\">\n\t\t\n<style>\n#gap-460559700 {\n  padding-top: 30px;\n}\n<\/style>\n\t<\/div>\n\t\n\n<h2>Acompanyar la conviv\u00e8ncia des d&#8217;una mirada formativa<\/h2>\n<p><span style=\"font-weight: 400;\">Perqu\u00e8 aquest enfocament pugui integrar-se a la pr\u00e0ctica educativa, cal que el professorat compti amb <\/span><b>espais de formaci\u00f3 i reflexi\u00f3<\/b><span style=\"font-weight: 400;\"> que permetin revisar creences, llenguatge i estrat\u00e8gies d&#8217;intervenci\u00f3.<\/span><\/p>\n<p><span style=\"font-weight: 400;\">Des d&#8217;aquesta necessitat sorgeix la formaci\u00f3 a <\/span><a href=\"https:\/\/integratek.es\/tienda\/cursos-online\/intervencion-emocional-conducta\/introduccion-comunicacion-no-violenta-cnv\/\"><b>Comunicaci\u00f3 No Violenta aplicada a l&#8217;\u00e0mbit educatiu<\/b><\/a><span style=\"font-weight: 400;\">, com la proposta d&#8217;introducci\u00f3 a la CNV centrada en la intervenci\u00f3 emocional i conductual en contextos escolars.<\/span><\/p>\n<p><span style=\"font-weight: 400;\">Aquest tipus de formaci\u00f3 est\u00e0 pensada per a docents que busquen:<\/span><\/p>\n<ul>\n<li style=\"font-weight: 400;\" aria-level=\"1\"><span style=\"font-weight: 400;\">comprendre millor l&#8217;origen emocional de determinades conductes,<\/span><\/li>\n<li style=\"font-weight: 400;\" aria-level=\"1\"><span style=\"font-weight: 400;\">intervenir en conflictes sense rec\u00f3rrer \u00fanicament al c\u00e0stig o la norma,<\/span><\/li>\n<li style=\"font-weight: 400;\" aria-level=\"1\"><span style=\"font-weight: 400;\">millorar la comunicaci\u00f3 amb l&#8217;alumnat i entre iguals,<\/span><\/li>\n<li style=\"font-weight: 400;\" aria-level=\"1\"><span style=\"font-weight: 400;\">i construir relacions educatives m\u00e9s coherents i respectuoses.<\/span><span style=\"font-weight: 400;\"><br \/><br \/><\/span><\/li>\n<\/ul>\n<p><span style=\"font-weight: 400;\">L&#8217;enfocament no \u00e9s normatiu ni te\u00f2ric en exc\u00e9s, sin\u00f3 <\/span><b>aplicable a situacions reals de l&#8217;aula<\/b><span style=\"font-weight: 400;\">, on la conviv\u00e8ncia es construeix en el quotidi\u00e0.<\/span><\/p>\n\t<div id=\"gap-515683868\" class=\"gap-element clearfix\" style=\"display:block; height:auto;\">\n\t\t\n<style>\n#gap-515683868 {\n  padding-top: 30px;\n}\n<\/style>\n\t<\/div>\n\t\n\n<h2>Educar per conviure tamb\u00e9 \u00e9s cuidar el docent<\/h2>\n<p><span style=\"font-weight: 400;\">No podem parlar de conviv\u00e8ncia sense mirar l&#8217;adult que acompanya. La gesti\u00f3 de conflictes, la c\u00e0rrega emocional i l&#8217;exig\u00e8ncia relacional passen factura si no se sostenen des de l&#8217;autocura i la formaci\u00f3.<\/span><\/p>\n<p><span style=\"font-weight: 400;\">Educar per conviure millor implica tamb\u00e9:<\/span><\/p>\n<ul>\n<li style=\"font-weight: 400;\" aria-level=\"1\"><span style=\"font-weight: 400;\">revisar les nostres pr\u00f2pies formes de comunicar,<\/span><\/li>\n<li style=\"font-weight: 400;\" aria-level=\"1\"><span style=\"font-weight: 400;\">recon\u00e8ixer l\u00edmits,<\/span><\/li>\n<li style=\"font-weight: 400;\" aria-level=\"1\"><span style=\"font-weight: 400;\">i dotar-nos d&#8217;eines que redueixin el desgast emocional.<\/span><\/li>\n<\/ul>\n<p><span style=\"font-weight: 400;\">Quan el docent se sent m\u00e9s segur en la gesti\u00f3 relacional, l&#8217;aula es torna un espai m\u00e9s predictible, hum\u00e0 i reparador.<\/span><\/p>\n\t<div id=\"gap-1175381528\" class=\"gap-element clearfix\" style=\"display:block; height:auto;\">\n\t\t\n<style>\n#gap-1175381528 {\n  padding-top: 30px;\n}\n<\/style>\n\t<\/div>\n\t\n\n<h2>Conviure millor per aprendre millor<\/h2>\n<p><span style=\"font-weight: 400;\">Construir relacions respectuoses a l&#8217;aula no \u00e9s un objectiu afegit: \u00e9s una condici\u00f3 perqu\u00e8 l&#8217;aprenentatge es pugui donar. La conviv\u00e8ncia s&#8217;ensenya quan es viu, es cuida i s?acompanya amb coher\u00e8ncia.<\/span><\/p>\n<p><span style=\"font-weight: 400;\">Educar per conviure millor \u00e9s apostar per una escola on el conflicte es transforma en aprenentatge, la comunicaci\u00f3 en pont i la relaci\u00f3 amb motor educatiu. Una aula on aprendre no \u00e9s nom\u00e9s adquirir coneixements, sin\u00f3 <\/span><b>aprendre a estar amb altres des del respecte, l&#8217;empatia i la responsabilitat compartida<\/b><span style=\"font-weight: 400;\">.<\/span><\/p>\n\n\t\t<\/div>\n\t\t\t\t\t<\/div>\n\n\t\n\n<\/div>\n<div class=\"row\"  id=\"row-1718183778\">\n\n\n\t<div id=\"col-1591327731\" class=\"col small-12 large-12\"  >\n\t\t\t\t<div class=\"col-inner\"  >\n\t\t\t\n\t\t\t\n\n\t<div id=\"text-372612096\" class=\"text\">\n\t\t\n\n<h2>Aquesta formaci\u00f3 podria interessar-te<\/h2>\n\n\t\t\n<style>\n#text-372612096 {\n  font-size: 1.25rem;\n}\n<\/style>\n\t<\/div>\n\t\n\n\t\t<\/div>\n\t\t\t\t\t<\/div>\n\n\t\n\n<\/div>\n<div class=\"row\"  id=\"row-1757474161\">\n\n\n\t<div id=\"col-41783989\" class=\"col small-12 large-12\"  >\n\t\t\t\t<div class=\"col-inner\"  >\n\t\t\t\n\t\t\t\n\n\t<div id=\"text-3689151209\" class=\"text\">\n\t\t\n\n<h3>Introducci\u00f3 a la Comunicaci\u00f3 No Violenta (CNV)\n<\/p>\n<\/h3>\n\n\t\t\n<style>\n#text-3689151209 {\n  font-size: 1.25rem;\n}\n<\/style>\n\t<\/div>\n\t\n\t<div class=\"img has-hover x md-x lg-x y md-y lg-y\" id=\"image_1662541508\">\n\t\t<a class=\"\" href=\"https:\/\/integratek.es\/ca\/botiga\/cursos-online-ca\/intervencio-emocional-i-de-conducta\/introduccio-comunicacio-no-violenta-cnv\/\" >\t\t\t\t\t\t<div class=\"img-inner dark\" style=\"margin:0px 0px 40px 0px;\">\n\t\t\t<img loading=\"lazy\" decoding=\"async\" width=\"927\" height=\"540\" src=\"https:\/\/integratek.es\/wp-content\/uploads\/2026\/01\/Captura-de-Pantalla-2026-01-26-a-las-9.44.56.png\" class=\"attachment-large size-large\" alt=\"\" srcset=\"https:\/\/integratek.es\/wp-content\/uploads\/2026\/01\/Captura-de-Pantalla-2026-01-26-a-las-9.44.56.png 927w, https:\/\/integratek.es\/wp-content\/uploads\/2026\/01\/Captura-de-Pantalla-2026-01-26-a-las-9.44.56-687x400.png 687w, https:\/\/integratek.es\/wp-content\/uploads\/2026\/01\/Captura-de-Pantalla-2026-01-26-a-las-9.44.56-768x447.png 768w, https:\/\/integratek.es\/wp-content\/uploads\/2026\/01\/Captura-de-Pantalla-2026-01-26-a-las-9.44.56-510x297.png 510w\" sizes=\"auto, (max-width: 927px) 100vw, 927px\" \/>\t\t\t\t\t\t\n\t\t\t\t\t<\/div>\n\t\t\t\t\t\t<\/a>\t\t\n<style>\n#image_1662541508 {\n  width: 100%;\n}\n<\/style>\n\t<\/div>\n\t\n\n<a data-animate=\"fadeInLeft\" href=\"https:\/\/integratek.es\/ca\/botiga\/cursos-online-ca\/intervencio-emocional-i-de-conducta\/introduccio-comunicacio-no-violenta-cnv\/\" class=\"button primary\" >\n\t\t<span>M\u00c9S INFORMACI\u00d3<\/span>\n\t<\/a>\n\n\n\n\t\t<\/div>\n\t\t\t\t\t<\/div>\n\n\t\n\n<\/div>\n<div class=\"row\"  id=\"row-1697734544\">\n\n\n\t<div id=\"col-1028264728\" class=\"col small-12 large-12\"  >\n\t\t\t\t<div class=\"col-inner\"  >\n\t\t\t\n\t\t\t\n\n\n\t\t<\/div>\n\t\t\t\t\t<\/div>\n\n\t\n\n<\/div>\n<div class=\"row\"  id=\"row-14723308\">\n\n\n<\/div>\n\n\n\n<p><\/p>\n","protected":false},"excerpt":{"rendered":"<p>Una reflexi\u00f3 educativa sobre conviv\u00e8ncia escolar, comunicaci\u00f3 respectuosa i gesti\u00f3 emocional per construir relacions sanes i un clima positiu.<\/p>\n","protected":false},"author":119844,"featured_media":212422,"comment_status":"open","ping_status":"closed","sticky":false,"template":"","format":"standard","meta":{"_acf_changed":false,"footnotes":""},"categories":[876,908,877,878],"tags":[880,1121,1124,1114,1123,1125,1126],"class_list":["post-212419","post","type-post","status-publish","format-standard","has-post-thumbnail","hentry","category-atencio-a-la-diversitat","category-educacio","category-educacio-i-escola","category-neurociencia-ca","tag-educacio-inclusiva","tag-formacio-docent-en-linia","tag-formacio-especialitzada-educacio","tag-integratek-plus","tag-plataforma-educativa-per-a-docents","tag-recursos-educatius-per-a-docents","tag-subscripcio-educativa-online"],"acf":[],"_links":{"self":[{"href":"https:\/\/integratek.es\/ca\/wp-json\/wp\/v2\/posts\/212419","targetHints":{"allow":["GET"]}}],"collection":[{"href":"https:\/\/integratek.es\/ca\/wp-json\/wp\/v2\/posts"}],"about":[{"href":"https:\/\/integratek.es\/ca\/wp-json\/wp\/v2\/types\/post"}],"author":[{"embeddable":true,"href":"https:\/\/integratek.es\/ca\/wp-json\/wp\/v2\/users\/119844"}],"replies":[{"embeddable":true,"href":"https:\/\/integratek.es\/ca\/wp-json\/wp\/v2\/comments?post=212419"}],"version-history":[{"count":3,"href":"https:\/\/integratek.es\/ca\/wp-json\/wp\/v2\/posts\/212419\/revisions"}],"predecessor-version":[{"id":212429,"href":"https:\/\/integratek.es\/ca\/wp-json\/wp\/v2\/posts\/212419\/revisions\/212429"}],"wp:featuredmedia":[{"embeddable":true,"href":"https:\/\/integratek.es\/ca\/wp-json\/wp\/v2\/media\/212422"}],"wp:attachment":[{"href":"https:\/\/integratek.es\/ca\/wp-json\/wp\/v2\/media?parent=212419"}],"wp:term":[{"taxonomy":"category","embeddable":true,"href":"https:\/\/integratek.es\/ca\/wp-json\/wp\/v2\/categories?post=212419"},{"taxonomy":"post_tag","embeddable":true,"href":"https:\/\/integratek.es\/ca\/wp-json\/wp\/v2\/tags?post=212419"}],"curies":[{"name":"wp","href":"https:\/\/api.w.org\/{rel}","templated":true}]}}