{"id":211115,"date":"2025-12-15T10:03:31","date_gmt":"2025-12-15T09:03:31","guid":{"rendered":"https:\/\/integratek.es\/?p=211115"},"modified":"2025-12-15T10:12:01","modified_gmt":"2025-12-15T09:12:01","slug":"neurodiversitat-mirada-inclusiva-aprenentatge","status":"publish","type":"post","link":"https:\/\/integratek.es\/ca\/2025\/12\/15\/neurodiversitat-mirada-inclusiva-aprenentatge\/","title":{"rendered":"Neurodiversitat: una mirada inclusiva a l&#8217;aprenentatge des de la neuroeducaci\u00f3"},"content":{"rendered":"\n<div class=\"row\"  id=\"row-90501865\">\n\n\n\t<div id=\"col-1390225237\" class=\"col small-12 large-12\"  >\n\t\t\t\t<div class=\"col-inner\"  >\n\t\t\t\n\t\t\t\n\n<p><span style=\"font-weight: 400;\">La <\/span><b>neurodiversitat<\/b><span style=\"font-weight: 400;\"> ens recorda que no hi ha una \u00fanica manera correcta d&#8217;aprendre, pensar o sentir. El terme, nascut als anys 90 dins dels moviments pels drets de les persones autistes, s&#8217;ha ampliat per incloure la diversitat neurol\u00f2gica en conjunt: TDAH, TEA, disl\u00e8xia, altes capacitats, trastorns de l&#8217;aprenentatge o perfils mixtos com la doble excepcionalitat.<\/span><\/p>\n<p><span style=\"font-weight: 400;\">Des d&#8217;aquesta mirada, la diversitat neurol\u00f2gica no s&#8217;ent\u00e9n com un problema per corregir, sin\u00f3 com una <\/span><b>expressi\u00f3 natural de la variabilitat humana<\/b><span style=\"font-weight: 400;\">. Aquesta idea \u00e9s profundament alliberadora: no \u00e9s que tots els nens s&#8217;ajustin a un mateix patr\u00f3, sin\u00f3 que l&#8217;escola pugui acollir diferents maneres de comprendre el m\u00f3n.<\/span><\/p>\n<p><span style=\"font-weight: 400;\">Quan un estudiant neurodivergent arriba a l&#8217;aula, no porta un d\u00e8ficit: porta una manera diferent de processar, concentrar-se, comunicar-se i relacionar-se. Recon\u00e8ixer-ho permet transformar l&#8217;experi\u00e8ncia educativa i construir espais on cada alumne es pugui sentir compr\u00e8s, segur i valorat.<\/span><\/p>\n\t<div id=\"gap-1639290064\" class=\"gap-element clearfix\" style=\"display:block; height:auto;\">\n\t\t\n<style>\n#gap-1639290064 {\n  padding-top: 30px;\n}\n<\/style>\n\t<\/div>\n\t\n\n<h2>Com funciona el cervell divers: una perspectiva des de la neuroeducaci\u00f3<\/h2>\n<p><span style=\"font-weight: 400;\">La neuroci\u00e8ncia evid\u00e8ncia que la <\/span><b>variabilitat cerebral<\/b><span style=\"font-weight: 400;\"> \u00e9s la norma, no pas l&#8217;excepci\u00f3. L&#8217;atenci\u00f3, la mem\u00f2ria, el llenguatge, la regulaci\u00f3 emocional, la sensibilitat sensorial o el sistema de recompensa funcionen de manera diferent a cada persona. Aquestes difer\u00e8ncies no s\u00f3n anomalies sin\u00f3 caracter\u00edstiques naturals del desenvolupament hum\u00e0.<\/span><\/p>\n<p><span style=\"font-weight: 400;\">Tot i aix\u00f2, quan l&#8217;escola opera sota un model r\u00edgid \u2014un \u00fanic ritme, una \u00fanica manera de demostrar el que s&#8217;ha apr\u00e8s\u2014, molts estudiants poden experimentar frustraci\u00f3, ansietat o sensaci\u00f3 de no encaixar. L&#8217;article <\/span><b>&#8220;<\/b><a href=\"https:\/\/integratek.es\/2025\/11\/03\/estres-y-aprendizaje-como-reducirlo-en-el-aula\/\"><b>Estr\u00e8s i aprenentatge: qu\u00e8 passa al cervell i com reduir-lo a l&#8217;aula<\/b><\/a><b>&#8220;<\/b><span style=\"font-weight: 400;\"> aprofundeix precisament en com la saturaci\u00f3 emocional bloqueja la capacitat de concentraci\u00f3, mem\u00f2ria i raonament, cosa especialment rellevant en alumnat neurodivergent.<\/span><\/p>\n<p><span style=\"font-weight: 400;\">La neuroeducaci\u00f3 ens ajuda a comprendre millor aquesta diversitat:<\/span><\/p>\n<ul>\n<li style=\"font-weight: 400;\" aria-level=\"1\"><span style=\"font-weight: 400;\">Els cervells amb <\/span><b>TDAH<\/b><span style=\"font-weight: 400;\"> busquen est\u00edmuls r\u00e0pids i es beneficien de suports visuals i tasques fragmentades.<\/span><\/li>\n<li style=\"font-weight: 400;\" aria-level=\"1\"><span style=\"font-weight: 400;\">Els perfils del <\/span><b>espectre autista<\/b><span style=\"font-weight: 400;\"> requereixen claredat comunicativa, anticipaci\u00f3 i entorns sensorialment amables.<\/span><\/li>\n<li style=\"font-weight: 400;\" aria-level=\"1\"><span style=\"font-weight: 400;\">Els estudiants amb <\/span><b>disl\u00e8xia<\/b><span style=\"font-weight: 400;\"> processen el llenguatge de manera diferent per\u00f2 acostumen mostrar un pensament visual potent.<\/span><\/li>\n<li style=\"font-weight: 400;\" aria-level=\"1\"><span style=\"font-weight: 400;\">Les <\/span><b>altes capacitats<\/b><span style=\"font-weight: 400;\"> requereixen reptes significatius i acompanyament emocional per gestionar l&#8217;autoexig\u00e8ncia.<\/span><\/li>\n<li style=\"font-weight: 400;\" aria-level=\"1\"><span style=\"font-weight: 400;\">La <\/span><b>doble excepcionalitat<\/b><span style=\"font-weight: 400;\"> combina talents i necessitats, demanant una mirada doble i integradora.<\/span><\/li>\n<\/ul>\n<p><span style=\"font-weight: 400;\">Comprendre com funciona cada cervell ens ajuda a ajustar expectatives i crear entorns on tothom pugui aprendre. En aquesta l\u00ednia, l&#8217;article <\/span><b>&#8220;<\/b><a href=\"https:\/\/integratek.es\/2025\/09\/22\/neuroplasticidad-educacion\/\"><b>La import\u00e0ncia de la neuroplasticitat a l&#8217;educaci\u00f3<\/b><\/a><b>&#8220;<\/b><span style=\"font-weight: 400;\"> convida a recordar que el cervell sempre est\u00e0 en canvi: cada suport, cada oportunitat i cada relaci\u00f3 significativa contribueixen a noves connexions i aprenentatges.<\/span><\/p>\n\t<div id=\"gap-514049005\" class=\"gap-element clearfix\" style=\"display:block; height:auto;\">\n\t\t\n<style>\n#gap-514049005 {\n  padding-top: 30px;\n}\n<\/style>\n\t<\/div>\n\t\n\n<h2>Neurodiversitat a l&#8217;aula: orientacions per acompanyar diferents perfils<\/h2>\n<p><span style=\"font-weight: 400;\">Acompanyar la neurodiversitat no vol dir disposar d&#8217;una estrat\u00e8gia diferent per a cada diagn\u00f2stic, sin\u00f3 adoptar-ne una <\/span><b>pedagogia flexible, humana i sensible<\/b><span style=\"font-weight: 400;\"> a les variacions naturals de l&#8217;aprenentatge. Aquestes orientacions ajuden a construir aules m\u00e9s inclusives:<\/span><\/p>\n<ul>\n<li aria-level=\"1\">\n<h3><b>Flexibilitzar la manera d&#8217;aprendre i demostrar all\u00f2 que s&#8217;ha apr\u00e8s<\/b><\/h3>\n<\/li>\n<\/ul>\n<p><span style=\"font-weight: 400;\">Permetre formats variats (oral, visual, escrit, manipulatiu) obre oportunitats per a tots els perfils.<\/span><\/p>\n<p><b><i>Exemple:<\/i><\/b><i><span style=\"font-weight: 400;\">En un projecte de ci\u00e8ncies, ofereix alternatives: maqueta, presentaci\u00f3 oral, v\u00eddeo o mapa mental. Un alumne amb disl\u00e8xia pot brillar en all\u00f2 visual; un estudiant amb TEA agraeix l&#8217;estructura; un alumne amb TDAH destaca en tasques din\u00e0miques.<\/span><\/i><\/p>\n<ul>\n<li aria-level=\"1\">\n<h3><b>Anticipar, estructurar i donar claredat<\/b><\/h3>\n<\/li>\n<\/ul>\n<p><span style=\"font-weight: 400;\">La previsibilitat redueix l&#8217;ansietat i millora l&#8217;atenci\u00f3.\u00a0<\/span><\/p>\n<p><b><i>Exemple: <\/i><\/b><i><span style=\"font-weight: 400;\">Abans de comen\u00e7ar una activitat, mostra la seq\u00fc\u00e8ncia:<\/span><\/i><\/p>\n<ul>\n<li style=\"font-weight: 400;\" aria-level=\"1\"><i><span style=\"font-weight: 400;\">Llegeixo la consigna<\/span><\/i><\/li>\n<\/ul>\n<ul>\n<li style=\"font-weight: 400;\" aria-level=\"1\"><i><span style=\"font-weight: 400;\">Faig l&#8217;esquema<\/span><\/i><\/li>\n<\/ul>\n<ul>\n<li style=\"font-weight: 400;\" aria-level=\"1\"><i><span style=\"font-weight: 400;\">Realitzo la tasca<\/span><\/i><\/li>\n<\/ul>\n<ul>\n<li style=\"font-weight: 400;\" aria-level=\"1\"><i><span style=\"font-weight: 400;\">Rev\u00eds<\/span><\/i><\/li>\n<\/ul>\n<p><i><span style=\"font-weight: 400;\">Aquesta estructura ajuda tant els alumnes amb TEA com els qui presenten TDAH o dificultats en funcions executives.<\/span><\/i><\/p>\n<ul>\n<li aria-level=\"1\"><b>Suports visuals per organitzar el pensament<\/b><\/li>\n<\/ul>\n<p><span style=\"font-weight: 400;\">Esquemes, agendes visuals, exemples concrets, pictogrames i mapes mentals faciliten l&#8217;acc\u00e9s al contingut.\u00a0<\/span><\/p>\n<p><b><i>Exemple: <\/i><\/b><i><span style=\"font-weight: 400;\">En matem\u00e0tiques combina l&#8217;explicaci\u00f3 verbal amb un exemple gr\u00e0fic. Per a molts estudiants amb TEA o disl\u00e8xia, veure la informaci\u00f3 organitzada disminueix la c\u00e0rrega cognitiva i millora la comprensi\u00f3.<\/span><\/i><\/p>\n<ul>\n<li aria-level=\"1\">\n<h3><b>Ajusta la c\u00e0rrega sensorial i emocional<\/b><\/h3>\n<\/li>\n<\/ul>\n<p><span style=\"font-weight: 400;\">La sobrec\u00e0rrega pot saturar estudiants neurodivergents.<\/span><\/p>\n<p><b><i>Exemple: <\/i><\/b><i><span style=\"font-weight: 400;\">Introdueix una pausa de 2 minuts amb respiraci\u00f3 o estiraments quan notis inquietud al grup. Els racons tranquils o auriculars amb reducci\u00f3 de soroll ajuden els que tenen hipersensibilitat sensorial.<\/span><\/i><\/p>\n<ul>\n<li aria-level=\"1\">\n<h3><b>Repte cognitiu amb acompanyament emocional<\/b><\/h3>\n<\/li>\n<\/ul>\n<p><span style=\"font-weight: 400;\">Els estudiants amb altes capacitats \u2013i especialment els de doble excepcionalitat\u2013 necessiten desafiaments ajustats i suport emocional.<\/span><\/p>\n<p><b><i>Exemple: <\/i><\/b><i><span style=\"font-weight: 400;\">Planteja un problema obert o una investigaci\u00f3 breu, per\u00f2 acompanya els bloquejos amb un \u201cA veure junts quin podria ser el seg\u00fcent pas\u201d. Aix\u00f2 redueix l&#8217;ansietat i permet sostenir el repte.<\/span><\/i><\/p>\n<ul>\n<li aria-level=\"1\">\n<h3><b>Mirar les fortaleses, no nom\u00e9s les dificultats<\/b><\/h3>\n<\/li>\n<\/ul>\n<p><span style=\"font-weight: 400;\">Cada perfil neurodivergent aporta talents \u00fanics.<\/span><\/p>\n<p><b><i>Exemple: <\/i><\/b><i><span style=\"font-weight: 400;\">Un alumne amb disl\u00e8xia pot dissenyar un cartell visual impactant; un estudiant amb TDAH pot liderar una din\u00e0mica creativa; un alumne amb TEA pot explicar patrons matem\u00e0tics amb claredat extraordin\u00e0ria.<\/span><\/i><\/p>\n<p><span style=\"font-weight: 400;\">Comprendre qu\u00e8 activa la motivaci\u00f3 i el sentit de la tasca \u00e9s fonamental per a tothom. L&#8217;article <\/span><b>&#8220;<\/b><a href=\"https:\/\/integratek.es\/2025\/10\/27\/motivacion-y-rendimiento-academico\/\"><b>Motivaci\u00f3 i rendiment acad\u00e8mic: claus per potenciar laprenentatge<\/b><\/a><b>&#8220;<\/b><span style=\"font-weight: 400;\"> aprofundeix com factors com l&#8217;autonomia, l&#8217;enlla\u00e7 o el prop\u00f2sit influeixen directament en el comprom\u00eds de l&#8217;alumnat \u2014incloent-hi el neurodivergent.<\/span><\/p>\n\t<div id=\"gap-2095438377\" class=\"gap-element clearfix\" style=\"display:block; height:auto;\">\n\t\t\n<style>\n#gap-2095438377 {\n  padding-top: 30px;\n}\n<\/style>\n\t<\/div>\n\t\n\n<h2>Cap a una escola que celebra la diversitat: la neuroeducaci\u00f3 com a base<\/h2>\n<p><span style=\"font-weight: 400;\">La neuroeducaci\u00f3 ens recorda que el cervell apr\u00e8n millor quan se sent <\/span><b>asseguran\u00e7a, valorada i connectada<\/b><span style=\"font-weight: 400;\">. L&#8217;emoci\u00f3 positiva n&#8217;afavoreix la mem\u00f2ria; la curiositat impulsa l&#8217;atenci\u00f3; la relaci\u00f3 humana sost\u00e9 la motivaci\u00f3.<\/span><\/p>\n<p><span style=\"font-weight: 400;\">Crear una escola que celebra la neurodiversitat implica:<\/span><\/p>\n<ul>\n<li style=\"font-weight: 400;\" aria-level=\"1\"><span style=\"font-weight: 400;\">Dissenyar experi\u00e8ncies flexibles que s&#8217;adaptin a diferents maneres d&#8217;aprendre.<\/span><\/li>\n<li style=\"font-weight: 400;\" aria-level=\"1\"><span style=\"font-weight: 400;\">Conrear un clima emocional que redueixi l&#8217;ansietat i fomenti la confian\u00e7a.<\/span><\/li>\n<li style=\"font-weight: 400;\" aria-level=\"1\"><span style=\"font-weight: 400;\">Vegeu les capacitats abans que les etiquetes.<\/span><\/li>\n<li style=\"font-weight: 400;\" aria-level=\"1\"><span style=\"font-weight: 400;\">Comprendre que la difer\u00e8ncia no \u00e9s un obstacle sin\u00f3 una oportunitat educativa.<\/span><\/li>\n<\/ul>\n<p><span style=\"font-weight: 400;\">La neuroplasticitat ens d\u00f3na esperan\u00e7a: tothom pot avan\u00e7ar.<\/span><span style=\"font-weight: 400;\"><br \/><\/span><span style=\"font-weight: 400;\">La diversitat cerebral ens d\u00f3na riquesa: tots aporten una cosa \u00fanica.<\/span><\/p>\n<p><span style=\"font-weight: 400;\">Educar des d&#8217;aquesta mirada vol dir construir aules on cada estudiant pugui dir:<\/span><\/p>\n<p><b><i>&#8220;Aqu\u00ed entenen com s\u00f3c. Aqu\u00ed s\u00ed que puc aprendre.&#8221;<\/i><\/b><\/p>\n\n\t\t<\/div>\n\t\t\t\t\t<\/div>\n\n\t\n\n<\/div>\n<div class=\"row\"  id=\"row-925037099\">\n\n\n\t<div id=\"col-2055510580\" class=\"col small-12 large-12\"  >\n\t\t\t\t<div class=\"col-inner\"  >\n\t\t\t\n\t\t\t\n\n\t<div id=\"text-185736665\" class=\"text\">\n\t\t\n\n<h2>Aquestes formacions online et podrien interessar&#8230;<\/h2>\n\t\t\n<style>\n#text-185736665 {\n  font-size: 1.25rem;\n}\n<\/style>\n\t<\/div>\n\t\n\n\t\t<\/div>\n\t\t\t\t\t<\/div>\n\n\t\n\n<\/div>\n<div class=\"row\"  id=\"row-459756404\">\n\n\n\t<div id=\"col-6786348\" class=\"col medium-6 small-12 large-6\"  >\n\t\t\t\t<div class=\"col-inner\"  >\n\t\t\t\n\t\t\t\n\n\t<div id=\"text-1039497637\" class=\"text\">\n\t\t\n\n<h3>Neuroci\u00e8ncia: la gran oportunitat<br \/>\ndel cervell infantil i adolescent<br \/>\n<\/h3>\n\n\t\t\n<style>\n#text-1039497637 {\n  font-size: 1.25rem;\n}\n<\/style>\n\t<\/div>\n\t\n\t<div class=\"img has-hover x md-x lg-x y md-y lg-y\" id=\"image_1283142063\">\n\t\t<a class=\"\" href=\"https:\/\/integratek.es\/ca\/botiga\/cursos-online-ca\/educacio-i-escola\/neurociencia-la-gran-oportunitat-del-cervell-infantil-i-adolescent\/\" >\t\t\t\t\t\t<div class=\"img-inner dark\" >\n\t\t\t<img loading=\"lazy\" decoding=\"async\" width=\"926\" height=\"541\" src=\"https:\/\/integratek.es\/wp-content\/uploads\/2025\/12\/Captura-de-Pantalla-2025-12-15-a-las-10.02.36.png\" class=\"attachment-large size-large\" alt=\"\" srcset=\"https:\/\/integratek.es\/wp-content\/uploads\/2025\/12\/Captura-de-Pantalla-2025-12-15-a-las-10.02.36.png 926w, https:\/\/integratek.es\/wp-content\/uploads\/2025\/12\/Captura-de-Pantalla-2025-12-15-a-las-10.02.36-685x400.png 685w, https:\/\/integratek.es\/wp-content\/uploads\/2025\/12\/Captura-de-Pantalla-2025-12-15-a-las-10.02.36-768x449.png 768w, https:\/\/integratek.es\/wp-content\/uploads\/2025\/12\/Captura-de-Pantalla-2025-12-15-a-las-10.02.36-510x298.png 510w\" sizes=\"auto, (max-width: 926px) 100vw, 926px\" \/>\t\t\t\t\t\t\n\t\t\t\t\t<\/div>\n\t\t\t\t\t\t<\/a>\t\t\n<style>\n#image_1283142063 {\n  width: 100%;\n}\n<\/style>\n\t<\/div>\n\t\n\n<a data-animate=\"fadeInLeft\" href=\"https:\/\/integratek.es\/ca\/botiga\/cursos-online-ca\/educacio-i-escola\/neurociencia-la-gran-oportunitat-del-cervell-infantil-i-adolescent\/\" class=\"button primary\" >\n\t\t<span>M\u00e9s informaci\u00f3<\/span>\n\t<\/a>\n\n\n\n\t\t<\/div>\n\t\t\t\t\t<\/div>\n\n\t\n\n\t<div id=\"col-1991706516\" class=\"col medium-6 small-12 large-6\"  >\n\t\t\t\t<div class=\"col-inner\"  >\n\t\t\t\n\t\t\t\n\n\t<div id=\"text-1586880510\" class=\"text\">\n\t\t\n\n<h3>Neuroeducaci\u00f3 a l&#8217;aula amb Jes\u00fac C. Guill\u00e9n<br \/>\n<\/h3>\n\n\t\t\n<style>\n#text-1586880510 {\n  font-size: 1.25rem;\n}\n<\/style>\n\t<\/div>\n\t\n\t<div class=\"img has-hover x md-x lg-x y md-y lg-y\" id=\"image_673429709\">\n\t\t<a class=\"\" href=\"https:\/\/integratek.es\/ca\/botiga\/cursos-online-ca\/neurociencia-ca-2\/neuroeducacio-a-laula-de-la-teoria-a-la-practica\/\" >\t\t\t\t\t\t<div class=\"img-inner dark\" style=\"margin:10px 0px 0px 0px;\">\n\t\t\t<img loading=\"lazy\" decoding=\"async\" width=\"928\" height=\"520\" src=\"https:\/\/integratek.es\/wp-content\/uploads\/2025\/12\/Captura-de-Pantalla-2025-12-15-a-las-10.02.41.png\" class=\"attachment-large size-large\" alt=\"\" srcset=\"https:\/\/integratek.es\/wp-content\/uploads\/2025\/12\/Captura-de-Pantalla-2025-12-15-a-las-10.02.41.png 928w, https:\/\/integratek.es\/wp-content\/uploads\/2025\/12\/Captura-de-Pantalla-2025-12-15-a-las-10.02.41-714x400.png 714w, https:\/\/integratek.es\/wp-content\/uploads\/2025\/12\/Captura-de-Pantalla-2025-12-15-a-las-10.02.41-768x430.png 768w, https:\/\/integratek.es\/wp-content\/uploads\/2025\/12\/Captura-de-Pantalla-2025-12-15-a-las-10.02.41-510x286.png 510w\" sizes=\"auto, (max-width: 928px) 100vw, 928px\" \/>\t\t\t\t\t\t\n\t\t\t\t\t<\/div>\n\t\t\t\t\t\t<\/a>\t\t\n<style>\n#image_673429709 {\n  width: 100%;\n}\n<\/style>\n\t<\/div>\n\t\n\n<a data-animate=\"fadeInLeft\" href=\"https:\/\/integratek.es\/ca\/botiga\/cursos-online-ca\/neurociencia-ca-2\/neuroeducacio-a-laula-de-la-teoria-a-la-practica\/\" class=\"button primary\" >\n\t\t<span>M\u00e9s informaci\u00f3<\/span>\n\t<\/a>\n\n\n\n\t\t<\/div>\n\t\t\t\t\t<\/div>\n\n\t\n\n<\/div>\n<div class=\"row\"  id=\"row-921991159\">\n\n\n<\/div>\n\n\n\n<p><\/p>\n","protected":false},"excerpt":{"rendered":"<p>La neurodiversitat convida a una educaci\u00f3 m\u00e9s inclusiva i humana. Descobreix com la neuroeducaci\u00f3 ajuda a acompanyar diferents perfils d&#8217;aprenentatge des de la comprensi\u00f3, la flexibilitat i el benestar.<\/p>\n","protected":false},"author":119844,"featured_media":211118,"comment_status":"open","ping_status":"closed","sticky":false,"template":"","format":"standard","meta":{"_acf_changed":false,"footnotes":""},"categories":[876,877,878],"tags":[943,402,930,401,880,898,879,953],"class_list":["post-211115","post","type-post","status-publish","format-standard","has-post-thumbnail","hentry","category-atencio-a-la-diversitat","category-educacio-i-escola","category-neurociencia-ca","tag-aprendre","tag-aprenentatge","tag-aprenentatge-ca","tag-dificultats-daprenentatge-i-atencio","tag-educacio-inclusiva","tag-inclusio","tag-neurociencia-ca","tag-neuroeducacio-ca-2"],"acf":[],"_links":{"self":[{"href":"https:\/\/integratek.es\/ca\/wp-json\/wp\/v2\/posts\/211115","targetHints":{"allow":["GET"]}}],"collection":[{"href":"https:\/\/integratek.es\/ca\/wp-json\/wp\/v2\/posts"}],"about":[{"href":"https:\/\/integratek.es\/ca\/wp-json\/wp\/v2\/types\/post"}],"author":[{"embeddable":true,"href":"https:\/\/integratek.es\/ca\/wp-json\/wp\/v2\/users\/119844"}],"replies":[{"embeddable":true,"href":"https:\/\/integratek.es\/ca\/wp-json\/wp\/v2\/comments?post=211115"}],"version-history":[{"count":3,"href":"https:\/\/integratek.es\/ca\/wp-json\/wp\/v2\/posts\/211115\/revisions"}],"predecessor-version":[{"id":211131,"href":"https:\/\/integratek.es\/ca\/wp-json\/wp\/v2\/posts\/211115\/revisions\/211131"}],"wp:featuredmedia":[{"embeddable":true,"href":"https:\/\/integratek.es\/ca\/wp-json\/wp\/v2\/media\/211118"}],"wp:attachment":[{"href":"https:\/\/integratek.es\/ca\/wp-json\/wp\/v2\/media?parent=211115"}],"wp:term":[{"taxonomy":"category","embeddable":true,"href":"https:\/\/integratek.es\/ca\/wp-json\/wp\/v2\/categories?post=211115"},{"taxonomy":"post_tag","embeddable":true,"href":"https:\/\/integratek.es\/ca\/wp-json\/wp\/v2\/tags?post=211115"}],"curies":[{"name":"wp","href":"https:\/\/api.w.org\/{rel}","templated":true}]}}