{"id":211029,"date":"2025-12-09T09:26:14","date_gmt":"2025-12-09T08:26:14","guid":{"rendered":"https:\/\/integratek.es\/?p=211029"},"modified":"2025-12-09T09:34:32","modified_gmt":"2025-12-09T08:34:32","slug":"lideratge-educatiu-empatia","status":"publish","type":"post","link":"https:\/\/integratek.es\/ca\/2025\/12\/09\/lideratge-educatiu-empatia\/","title":{"rendered":"El lideratge educatiu des de l&#8217;empatia: equips que aprenen plegats"},"content":{"rendered":"\n<div class=\"row\"  id=\"row-1685677036\">\n\n\n\t<div id=\"col-114876483\" class=\"col small-12 large-12\"  >\n\t\t\t\t<div class=\"col-inner\"  >\n\t\t\t\n\t\t\t\n\n<p><span style=\"font-weight: 400;\">Als centres educatius, liderar va molt m\u00e9s enll\u00e0 de coordinar tasques o prendre decisions. Suposa acompanyar les persones, escoltar les necessitats i crear un entorn on docents, alumnat i fam\u00edlies puguin cr\u00e9ixer junts. La investigaci\u00f3 en <\/span><b>neuroeducaci\u00f3<\/b><span style=\"font-weight: 400;\"> i benestar organitzacional ens recorda que els ambients segurs i emocionalment cuidats afavoreixen la creativitat, la innovaci\u00f3 i la cooperaci\u00f3 aut\u00e8ntica.<\/span><\/p>\n<p><span style=\"font-weight: 400;\">Per aix\u00f2, posar l&#8217;empatia al centre del lideratge educatiu no \u00e9s una moda, sin\u00f3 una resposta real a la complexitat emocional que travessa la vida escolar. Quan els que lideren ho fan des de la comprensi\u00f3 i l&#8217;escolta, es genera confian\u00e7a, s&#8217;enforteixen els vincles i es construeixen <\/span><b>equips que aprenen junts<\/b><span style=\"font-weight: 400;\">, capa\u00e7os de compartir reptes, mirades i solucions. No es tracta nom\u00e9s de gestionar, sin\u00f3 inspirar i acompanyar perqu\u00e8 l&#8217;aprenentatge floreixi en tota la comunitat educativa.<\/span><\/p>\n\t<div id=\"gap-1005259454\" class=\"gap-element clearfix\" style=\"display:block; height:auto;\">\n\t\t\n<style>\n#gap-1005259454 {\n  padding-top: 30px;\n}\n<\/style>\n\t<\/div>\n\t\n\n<h2>Qu\u00e8 vol dir liderar amb empatia en un centre educatiu?<\/h2>\n<p><span style=\"font-weight: 400;\">Liderar amb empatia implica la capacitat de <\/span><b>comprendre les emocions, necessitats i perspectives<\/b><span style=\"font-weight: 400;\"> dels qui formen part del centre \u2014docents, alumnat, fam\u00edlies i personal de suport\u2014, i respondre de manera coherent, respectuosa i humana. No \u00e9s nom\u00e9s \u201cser amable\u201d, sin\u00f3 desenvolupar una sensibilitat professional que permet llegir el que passa sota les conductes i acompanyar des de la connexi\u00f3, no des de la imposici\u00f3.<\/span><\/p>\n<p><span style=\"font-weight: 400;\">Un lideratge emp\u00e0tic se sost\u00e9 sobre tres pilars fonamentals:<\/span><\/p>\n<h4><b>1. Escolta activa: comprendre m\u00e9s enll\u00e0 de les paraules<\/b><\/h4>\n<p><span style=\"font-weight: 400;\">L&#8217;escolta activa implica parar atenci\u00f3 real, sense interrompre ni anticipar respostes. A la pr\u00e0ctica, significa obrir espais on l&#8217;equip pugui expressar inquietuds o necessitats sense por del judici.<\/span><\/p>\n<p><i><span style=\"font-weight: 400;\">Exemple:<\/span><\/i><span style=\"font-weight: 400;\"> quan un docent comparteix que se sent sobrecarregat, el lideratge emp\u00e0tic no respon amb \u201ctots tenim molta feina\u201d, sin\u00f3 que pregunta:<\/span><\/p>\n<p><span style=\"font-weight: 400;\">\u201cQuina part de la teva c\u00e0rrega t&#8217;est\u00e0 generant m\u00e9s estr\u00e8s i com la podem redistribuir?\u201d<\/span><span style=\"font-weight: 400;\"><br \/><\/span><span style=\"font-weight: 400;\">Aquesta disposici\u00f3 no nom\u00e9s recull informaci\u00f3, sin\u00f3 que <\/span><b>comunica cura i disponibilitat<\/b><span style=\"font-weight: 400;\">, claus per construir confian\u00e7a.<\/span><\/p>\n<h4><b>2. Comprensi\u00f3 emocional: interpretar sense jutjar<\/b><\/h4>\n<p><span style=\"font-weight: 400;\">Comprendre emocionalment implica recon\u00e8ixer que cada persona actua des de les circumst\u00e0ncies, les capacitats i el nivell de benestar. La neuroeducaci\u00f3 demostra que, en situacions d&#8217;estr\u00e8s, el cervell redueix la capacitat de raonament i augmenta la reactivitat, per la qual cosa les conductes no sempre reflecteixen manca d&#8217;inter\u00e8s, sin\u00f3 <\/span><b>saturaci\u00f3 emocional<\/b><span style=\"font-weight: 400;\">.<\/span><\/p>\n<p><i><span style=\"font-weight: 400;\">Exemple:<\/span><\/i><span style=\"font-weight: 400;\"> davant d&#8217;un conflicte entre dos docents, un lideratge emp\u00e0tic evita interpretar la tensi\u00f3 com a \u201cmanca de professionalitat\u201d. En canvi, pot dir:<\/span><\/p>\n<p><span style=\"font-weight: 400;\">&#8220;Sento que aquesta situaci\u00f3 us est\u00e0 generant malestar. Podem parar un moment per entendre qu\u00e8 necessita cadasc\u00fa?&#8221;<\/span><span style=\"font-weight: 400;\"><br \/><\/span><span style=\"font-weight: 400;\"> Aquest enfocament no cerca culpables, sin\u00f3 restaurar l&#8217;enlla\u00e7.<\/span><\/p>\n<h4><b>3. Acci\u00f3 conscient: decidir pensant en el benestar del conjunt<\/b><\/h4>\n<p><span style=\"font-weight: 400;\">L&#8217;acci\u00f3 conscient implica que cada decisi\u00f3 -des de l&#8217;organitzaci\u00f3 de l&#8217;horari fins a la resoluci\u00f3 d&#8217;un conflicte- es pren valorant l&#8217;impacte emocional i relacional a l&#8217;equip.<\/span><\/p>\n<p><i><span style=\"font-weight: 400;\">Exemple:<\/span><\/i><span style=\"font-weight: 400;\"> abans d&#8217;introduir un canvi metodol\u00f2gic o administratiu, el lideratge emp\u00e0tic es pregunta:<\/span><\/p>\n<p><span style=\"font-weight: 400;\">&#8220;Quin impacte tindr\u00e0 a la c\u00e0rrega de treball? Com \u200b\u200bacompanyarem la transici\u00f3? Quins suports necessita l&#8217;equip per sentir-se segur?&#8221;<\/span><span style=\"font-weight: 400;\"><br \/><\/span><span style=\"font-weight: 400;\"> Aquest tipus de decisions promou una cultura escolar sostenible on les persones se senten respectades i part del proc\u00e9s.<\/span><\/p>\n<p><span style=\"font-weight: 400;\">Des d&#8217;aquesta mirada, la vulnerabilitat no es considera una debilitat, sin\u00f3 una <\/span><b>eina de connexi\u00f3<\/b><span style=\"font-weight: 400;\">. Quan un l\u00edder reconeix que tamb\u00e9 t\u00e9 dubtes, l\u00edmits o emocions, crea un entorn on els altres es poden expressar amb autenticitat. I \u00e9s en aquest clima de confian\u00e7a on els equips creixen, es cohesionen i aprenen plegats.<\/span><\/p>\n<p><span style=\"font-weight: 400;\">En altres paraules: <\/span><b>com ens parlem i ens tractem canvia literalment com pensem i treballem<\/b><span style=\"font-weight: 400;\">.<\/span><\/p>\n\t<div id=\"gap-1295925770\" class=\"gap-element clearfix\" style=\"display:block; height:auto;\">\n\t\t\n<style>\n#gap-1295925770 {\n  padding-top: 30px;\n}\n<\/style>\n\t<\/div>\n\t\n\n<h2>Estrat\u00e8gies per cultivar un lideratge educatiu emp\u00e0tic<\/h2>\n<p><span style=\"font-weight: 400;\">Liderar des de l\u00b4empatia \u00e9s un cam\u00ed que s\u00b4entrena i es construeix dia a dia. Algunes claus:<\/span><\/p>\n<ol>\n<li><b> Reunions que tamb\u00e9 tenen cura de les persones; <\/b><span style=\"font-weight: 400;\">Iniciar les coordinacions amb un breu check-in emocional ajuda a detectar necessitats, prevenir tensions i enfortir la cohesi\u00f3 de l&#8217;equip.<\/span><\/li>\n<li><b> Comunicaci\u00f3 clara i conscient; <\/b><span style=\"font-weight: 400;\">La transpar\u00e8ncia en decisions, expectatives i l\u00edmits evita malentesos i redueix la incertesa.<\/span><\/li>\n<li><b> Recon\u00e8ixer l&#8217;esfor\u00e7, no nom\u00e9s els resultats; <\/b><span style=\"font-weight: 400;\">Validar el treball quotidi\u00e0 \u2014fins i tot el que no es veu\u2014 refor\u00e7a la motivaci\u00f3 i el comprom\u00eds.<\/span><\/li>\n<li><b> Liderar des de la vulnerabilitat; <\/b><span style=\"font-weight: 400;\">Recon\u00e8ixer errors o demanar suport humanitza el lideratge i facilita que l&#8217;equip faci el mateix.<\/span><\/li>\n<li><b> Crear oportunitats d&#8217;aprenentatge compartit; <\/b><span style=\"font-weight: 400;\">Formacions, lectures conjuntes, grups de discussi\u00f3 o observaci\u00f3 entre els mateixos creen cultura professional.<\/span><\/li>\n<li><b> Promoure el desenvolupament vocacional de l&#8217;equip; <\/b><span style=\"font-weight: 400;\">El lideratge emp\u00e0tic tamb\u00e9 acompanya els docents en el seu propi cam\u00ed emocional i professional. Quan un professional se sent desconnectat del seu prop\u00f2sit, \u00e9s dif\u00edcil que ensenyi, innovi o col\u00b7labori amb plenitud.<\/span><\/li>\n<\/ol>\n<p><span style=\"font-weight: 400;\">Per aix\u00f2, formacions com el curs<\/span><a href=\"https:\/\/integratek.es\/tienda\/cursos-online\/educacion-escuela\/vocacion-docente\/\"> <b>\u201cVocaci\u00f3 docent: lideratge i avaluaci\u00f3 <\/b><\/a><a href=\"https:\/\/integratek.es\/tienda\/cursos-online\/educacion-escuela\/vocacion-docente\/\"><b>per a la transformaci\u00f3 educativa&#8221;<\/b><\/a><span style=\"font-weight: 400;\"> s\u00f3n un recurs valu\u00f3s per <\/span><b>revisar el sentit profund d&#8217;educar<\/b><span style=\"font-weight: 400;\">, reconnectar amb la motivaci\u00f3 i enfortir la identitat docent.<\/span><span style=\"font-weight: 400;\"><br \/><\/span><span style=\"font-weight: 400;\"><br \/>Un equip que redescobreix la seva vocaci\u00f3 \u00e9s un equip que coopera, es cuida i construeix escola des de la il\u00b7lusi\u00f3.<\/span><\/p>\n\t<div id=\"gap-249061777\" class=\"gap-element clearfix\" style=\"display:block; height:auto;\">\n\t\t\n<style>\n#gap-249061777 {\n  padding-top: 30px;\n}\n<\/style>\n\t<\/div>\n\t\n\n<h2>Liderar per cuidar: el benestar docent com a prioritat<\/h2>\n<p><span style=\"font-weight: 400;\">Quan les persones se senten vistes, escoltades i valorades, la manera d&#8217;ensenyar canvia. Un lideratge emp\u00e0tic t\u00e9 cura del clima emocional del centre, preveu conflictes innecessaris i afavoreix relacions m\u00e9s sanes entre docents, alumnat i fam\u00edlies. Liderar \u00e9s, en ess\u00e8ncia, <\/span><b>tenir cura perqu\u00e8 l&#8217;aprenentatge pugui florir<\/b><span style=\"font-weight: 400;\">.<\/span><\/p>\n<p><span style=\"font-weight: 400;\">Tenir cura d&#8217;altres implica tamb\u00e9 aprendre a cuidar-se un mateix. Per aix\u00f2, si vols aprofundir en com sostenir-te emocionalment, gestionar l&#8217;estr\u00e8s quotidi\u00e0 i acompanyar equips des de la calma, a Integratek Plus trobar\u00e0s el webinar<\/span><a href=\"https:\/\/integratek.es\/plus\/cursos\/como-gestionar-el-estres-siendo-profesional\"> <b>&#8220;Com gestionar l&#8217;estr\u00e8s sent professional&#8221;<\/b><\/a><span style=\"font-weight: 400;\">, una formaci\u00f3 que ofereix eines pr\u00e0ctiques per enfortir el benestar personal i desenvolupar un lideratge m\u00e9s conscient i equilibrat.<\/span><\/p>\n<p><span style=\"font-weight: 400;\">Un lideratge que cuida, transforma.<\/span><span style=\"font-weight: 400;\"><br \/><\/span><span style=\"font-weight: 400;\">I un equip que se sent cuidat, <\/span><b>apr\u00e8n millor<\/b><span style=\"font-weight: 400;\">.<\/span><\/p>\n\n\t\t<\/div>\n\t\t\t\t\t<\/div>\n\n\t\n\n<\/div>\n<div class=\"row\"  id=\"row-640488771\">\n\n\n\t<div id=\"col-195036396\" class=\"col small-12 large-12\"  >\n\t\t\t\t<div class=\"col-inner\"  >\n\t\t\t\n\t\t\t\n\n\t<div id=\"text-2989512169\" class=\"text\">\n\t\t\n\n<h2>Aquestes formacions online et podrien interessar&#8230;<\/h2>\n\n\t\t\n<style>\n#text-2989512169 {\n  font-size: 1.25rem;\n}\n<\/style>\n\t<\/div>\n\t\n\n\t\t<\/div>\n\t\t\t\t\t<\/div>\n\n\t\n\n<\/div>\n<div class=\"row\"  id=\"row-701753377\">\n\n\n\t<div id=\"col-1638652810\" class=\"col medium-6 small-12 large-6\"  >\n\t\t\t\t<div class=\"col-inner\"  >\n\t\t\t\n\t\t\t\n\n\t<div id=\"text-2620541568\" class=\"text\">\n\t\t\n\n<h3>Vocaci\u00f3 docent: lideratge i avaluaci\u00f3<br \/>\nper a la transformaci\u00f3 educativa<br \/>\n<\/h3>\n\n\t\t\n<style>\n#text-2620541568 {\n  font-size: 1.25rem;\n}\n<\/style>\n\t<\/div>\n\t\n\t<div class=\"img has-hover x md-x lg-x y md-y lg-y\" id=\"image_1772949887\">\n\t\t<a class=\"\" href=\"https:\/\/integratek.es\/ca\/botiga\/cursos-online-ca\/educacio-i-escola\/vocacion-docente\/\" >\t\t\t\t\t\t<div class=\"img-inner dark\" >\n\t\t\t<img loading=\"lazy\" decoding=\"async\" width=\"928\" height=\"539\" src=\"https:\/\/integratek.es\/wp-content\/uploads\/2025\/12\/Captura-de-Pantalla-2025-12-09-a-las-9.24.44.png\" class=\"attachment-large size-large\" alt=\"\" srcset=\"https:\/\/integratek.es\/wp-content\/uploads\/2025\/12\/Captura-de-Pantalla-2025-12-09-a-las-9.24.44.png 928w, https:\/\/integratek.es\/wp-content\/uploads\/2025\/12\/Captura-de-Pantalla-2025-12-09-a-las-9.24.44-689x400.png 689w, https:\/\/integratek.es\/wp-content\/uploads\/2025\/12\/Captura-de-Pantalla-2025-12-09-a-las-9.24.44-768x446.png 768w, https:\/\/integratek.es\/wp-content\/uploads\/2025\/12\/Captura-de-Pantalla-2025-12-09-a-las-9.24.44-510x296.png 510w\" sizes=\"auto, (max-width: 928px) 100vw, 928px\" \/>\t\t\t\t\t\t\n\t\t\t\t\t<\/div>\n\t\t\t\t\t\t<\/a>\t\t\n<style>\n#image_1772949887 {\n  width: 100%;\n}\n<\/style>\n\t<\/div>\n\t\n\n<a data-animate=\"fadeInLeft\" href=\"https:\/\/integratek.es\/ca\/botiga\/cursos-online-ca\/educacio-i-escola\/vocacion-docente\/\" class=\"button primary\" >\n\t\t<span>M\u00e9s informaci\u00f3<\/span>\n\t<\/a>\n\n\n\n\t\t<\/div>\n\t\t\t\t\t<\/div>\n\n\t\n\n\t<div id=\"col-1284716774\" class=\"col medium-6 small-12 large-6\"  >\n\t\t\t\t<div class=\"col-inner\"  >\n\t\t\t\n\t\t\t\n\n\t<div id=\"text-3051203814\" class=\"text\">\n\t\t\n\n<h3>Com gestionar l&#8217;estr\u00e9s mantenint la professionalitat<br \/>\n<\/h3>\n\n\t\t\n<style>\n#text-3051203814 {\n  font-size: 1.25rem;\n}\n<\/style>\n\t<\/div>\n\t\n\t<div class=\"img has-hover x md-x lg-x y md-y lg-y\" id=\"image_640444353\">\n\t\t<a class=\"\" href=\"https:\/\/integratek.es\/plus\/cursos\/como-gestionar-el-estres-siendo-profesional\" >\t\t\t\t\t\t<div class=\"img-inner dark\" style=\"margin:10px 0px 0px 0px;\">\n\t\t\t<img loading=\"lazy\" decoding=\"async\" width=\"679\" height=\"378\" src=\"https:\/\/integratek.es\/wp-content\/uploads\/2025\/12\/Captura-de-Pantalla-2025-12-09-a-las-9.24.53.png\" class=\"attachment-large size-large\" alt=\"\" srcset=\"https:\/\/integratek.es\/wp-content\/uploads\/2025\/12\/Captura-de-Pantalla-2025-12-09-a-las-9.24.53.png 679w, https:\/\/integratek.es\/wp-content\/uploads\/2025\/12\/Captura-de-Pantalla-2025-12-09-a-las-9.24.53-510x284.png 510w\" sizes=\"auto, (max-width: 679px) 100vw, 679px\" \/>\t\t\t\t\t\t\n\t\t\t\t\t<\/div>\n\t\t\t\t\t\t<\/a>\t\t\n<style>\n#image_640444353 {\n  width: 100%;\n}\n<\/style>\n\t<\/div>\n\t\n\n<a data-animate=\"fadeInLeft\" href=\"https:\/\/integratek.es\/plus\/cursos\/como-gestionar-el-estres-siendo-profesional\" class=\"button primary\" >\n\t\t<span>M\u00e9s informaci\u00f3<\/span>\n\t<\/a>\n\n\n\n\t\t<\/div>\n\t\t\t\t\t<\/div>\n\n\t\n\n<\/div>\n<div class=\"row\"  id=\"row-1524806805\">\n\n\n<\/div>\n\n\n\n<p><\/p>\n","protected":false},"excerpt":{"rendered":"<p>El lideratge educatiu basat en l&#8217;empatia millora la conviv\u00e8ncia escolar, enforteix els equips docents i afavoreix el benestar als centres educatius. Descobreix claus pr\u00e0ctiques per liderar des de l&#8217;escolta, la cura i la connexi\u00f3 humana.<\/p>\n","protected":false},"author":119844,"featured_media":211032,"comment_status":"open","ping_status":"closed","sticky":false,"template":"","format":"standard","meta":{"_acf_changed":false,"footnotes":""},"categories":[876,877,878],"tags":[943,930,402,401,880,898,956,955],"class_list":["post-211029","post","type-post","status-publish","format-standard","has-post-thumbnail","hentry","category-atencio-a-la-diversitat","category-educacio-i-escola","category-neurociencia-ca","tag-aprendre","tag-aprenentatge-ca","tag-aprenentatge","tag-dificultats-daprenentatge-i-atencio","tag-educacio-inclusiva","tag-inclusio","tag-lideratge","tag-lideratge-educatiu"],"acf":[],"_links":{"self":[{"href":"https:\/\/integratek.es\/ca\/wp-json\/wp\/v2\/posts\/211029","targetHints":{"allow":["GET"]}}],"collection":[{"href":"https:\/\/integratek.es\/ca\/wp-json\/wp\/v2\/posts"}],"about":[{"href":"https:\/\/integratek.es\/ca\/wp-json\/wp\/v2\/types\/post"}],"author":[{"embeddable":true,"href":"https:\/\/integratek.es\/ca\/wp-json\/wp\/v2\/users\/119844"}],"replies":[{"embeddable":true,"href":"https:\/\/integratek.es\/ca\/wp-json\/wp\/v2\/comments?post=211029"}],"version-history":[{"count":3,"href":"https:\/\/integratek.es\/ca\/wp-json\/wp\/v2\/posts\/211029\/revisions"}],"predecessor-version":[{"id":211042,"href":"https:\/\/integratek.es\/ca\/wp-json\/wp\/v2\/posts\/211029\/revisions\/211042"}],"wp:featuredmedia":[{"embeddable":true,"href":"https:\/\/integratek.es\/ca\/wp-json\/wp\/v2\/media\/211032"}],"wp:attachment":[{"href":"https:\/\/integratek.es\/ca\/wp-json\/wp\/v2\/media?parent=211029"}],"wp:term":[{"taxonomy":"category","embeddable":true,"href":"https:\/\/integratek.es\/ca\/wp-json\/wp\/v2\/categories?post=211029"},{"taxonomy":"post_tag","embeddable":true,"href":"https:\/\/integratek.es\/ca\/wp-json\/wp\/v2\/tags?post=211029"}],"curies":[{"name":"wp","href":"https:\/\/api.w.org\/{rel}","templated":true}]}}