{"id":208270,"date":"2025-09-08T09:58:18","date_gmt":"2025-09-08T07:58:18","guid":{"rendered":"https:\/\/integratek.es\/2025\/09\/08\/com-treballar-la-regulacio-emocional-a-laula-en-periodes-dadaptacio\/"},"modified":"2025-09-08T10:25:07","modified_gmt":"2025-09-08T08:25:07","slug":"regulacio-emocional-adaptacio-escolar","status":"publish","type":"post","link":"https:\/\/integratek.es\/ca\/2025\/09\/08\/regulacio-emocional-adaptacio-escolar\/","title":{"rendered":"Com treballar la regulaci\u00f3 emocional a l\u2019aula en per\u00edodes d\u2019adaptaci\u00f3"},"content":{"rendered":"\n<p><\/p>\n\n\n\n<div class=\"row\"  id=\"row-233087608\">\n\n\n\t<div id=\"col-978043695\" class=\"col small-12 large-12\"  >\n\t\t\t\t<div class=\"col-inner\"  >\n\t\t\t\n\t\t\t\n\n<p><span style=\"font-weight: 400;\">La <b>regulaci\u00f3 emocional <\/b>\u00e9s una de les compet\u00e8ncies m\u00e9s importants que els estudiants poden desenvolupar al llarg de la seva vida acad\u00e8mica, ja que influeix directament en el <b>rendiment<\/b>, la <b>conviv\u00e8ncia<\/b> i la <b>motivaci\u00f3<\/b>. Des de la <b>neuroci\u00e8ncia<\/b> i la <b>psicopedagogia<\/b> sabem que ensenyar als alumnes a <b>gestionar les seves emocions<\/b> \u00e9s tan rellevant com qualsevol contingut curricular. Aquesta habilitat pren una import\u00e0ncia especial en <b>moments de transici\u00f3<\/b>, com els <b>per\u00edodes d\u2019adaptaci\u00f3 escolar<\/b> o la <b>tornada a classe despr\u00e9s de les vacances d\u2019estiu<\/b>, quan l\u2019alumnat pot experimentar <b>nerviosisme, ansietat o desmotivaci\u00f3<\/b>. Comptar amb estrat\u00e8gies concretes ajuda a suavitzar el proc\u00e9s i afavoreix un <b>inici de curs positiu<\/b>.   <\/p>\n<p>Existeixen <a href=\"https:\/\/integratek.es\/ca\/cursos-online-homologats\/?utm_source=chatgpt.com\">cursos online homologats<\/a>que profunditzen en la regulaci\u00f3 emocional i el benestar escolar.<\/p>\n<p><\/span><\/p>\n\t<div id=\"gap-632692708\" class=\"gap-element clearfix\" style=\"display:block; height:auto;\">\n\t\t\n<style>\n#gap-632692708 {\n  padding-top: 30px;\n}\n<\/style>\n\t<\/div>\n\t\n\n<h2>Per qu\u00e8 \u00e9s important la regulaci\u00f3 emocional a l\u2019aula?<\/h2>\n<p><span style=\"font-weight: 400;\">Les <\/span><b>emocions<\/b><span style=\"font-weight: 400;\"> impacten directament en els processos cognitius com l\u2019<\/span><b>atenci\u00f3<\/b><span style=\"font-weight: 400;\">, la <\/span><b>mem\u00f2ria<\/b><span style=\"font-weight: 400;\"> i la <\/span><b>presa de decisions<\/b><span style=\"font-weight: 400;\">. Un estudiant que sap identificar i regular les seves emocions podr\u00e0 <\/span><b>mantenir la calma<\/b><span style=\"font-weight: 400;\"> en situacions d\u2019estr\u00e8s, <\/span><b>resoldre conflictes<\/b><span style=\"font-weight: 400;\"> de manera constructiva i aprofitar millor els seus recursos d\u2019aprenentatge.<\/span><\/p>\n<p><i><span style=\"font-weight: 400;\">Per exemple, durant la <\/span><\/i><b><i>tornada a l\u2019escola<\/i><\/b><i><span style=\"font-weight: 400;\"> despr\u00e9s de les vacances d\u2019estiu, molts alumnes arriben amb <\/span><\/i><b><i>nerviosisme, por o manca de motivaci\u00f3<\/i><\/b><i><span style=\"font-weight: 400;\">. Alguns poden reaccionar amb <\/span><\/i><b><i>plor, enuig o desconnexi\u00f3<\/i><\/b><i><span style=\"font-weight: 400;\"> en els primers dies de classe. Si no saben com gestionar aquestes emocions, els resultar\u00e0 dif\u00edcil <\/span><\/i><b><i>concentrar-se<\/i><\/b><i><span style=\"font-weight: 400;\"> o <\/span><\/i><b><i>integrar-se<\/i><\/b><i><span style=\"font-weight: 400;\"> en la din\u00e0mica de l\u2019aula. En canvi, si disposen d\u2019<\/span><\/i><b><i>estrat\u00e8gies d\u2019autoregulaci\u00f3<\/i><\/b><i><span style=\"font-weight: 400;\"> (com <\/span><\/i><b><i>exercicis de respiraci\u00f3, din\u00e0miques de benvinguda o espais de pausa<\/i><\/b><i><span style=\"font-weight: 400;\">), poden recuperar la calma, adaptar-se abans i participar de manera m\u00e9s positiva.<\/span><\/i><\/p>\n<p><span style=\"font-weight: 400;\">Segons la <\/span><b>neuroci\u00e8ncia<\/b><span style=\"font-weight: 400;\">, \u00e0rees del cervell com l\u2019<\/span><b>am\u00edgdala<\/b><span style=\"font-weight: 400;\"> i l\u2019<\/span><b>escor\u00e7a prefrontal<\/b><span style=\"font-weight: 400;\"> tenen un paper clau en aquest proc\u00e9s. L\u2019am\u00edgdala actua com una <\/span><b>\u201calarma emocional\u201d<\/b><span style=\"font-weight: 400;\">, mentre que l\u2019escor\u00e7a prefrontal ajuda a <\/span><b>avaluar, frenar impulsos i donar respostes m\u00e9s reflexives<\/b><span style=\"font-weight: 400;\">. Enfortir aquesta connexi\u00f3 en l\u2019alumnat requereix pr\u00e0ctica i <\/span><b>acompanyament educatiu<\/b><span style=\"font-weight: 400;\">.<\/span><\/p>\n\t<div id=\"gap-1299863286\" class=\"gap-element clearfix\" style=\"display:block; height:auto;\">\n\t\t\n<style>\n#gap-1299863286 {\n  padding-top: 30px;\n}\n<\/style>\n\t<\/div>\n\t\n\n<h2>Estrat\u00e8gies educatives per fomentar la regulaci\u00f3 emocional<\/h2>\n<ol>\n<li><b>Incorporar rutines de mindfulness o atenci\u00f3 plena<\/b><b><br \/><\/b><span style=\"font-weight: 400;\"> Pr\u00e0ctiques breus de <\/span><b>respiraci\u00f3, relaxaci\u00f3 o visualitzaci\u00f3<\/b><span style=\"font-weight: 400;\"> a l\u2019inici de la classe ajuden que els estudiants prenguin consci\u00e8ncia del seu estat emocional i aprenguin a <\/span><b>autoregul\u00b7lar-se<\/b><span style=\"font-weight: 400;\">.<br \/><br \/><\/span><\/li>\n<li><b>Espais de pausa emocional<\/b><b><br \/><\/b><span style=\"font-weight: 400;\"> Disposar d\u2019un <\/span><b>rac\u00f3 tranquil<\/b><span style=\"font-weight: 400;\"> a l\u2019aula on els alumnes puguin retirar-se uns minuts quan se senten sobrepassats facilita l\u2019<\/span><b>autoregulaci\u00f3<\/b><span style=\"font-weight: 400;\"> sense generar <\/span><b>estigmatitzaci\u00f3<\/b><span style=\"font-weight: 400;\">.<br \/><br \/><\/span><\/li>\n<li><b>Modelatge docent<\/b><b><br \/><\/b><span style=\"font-weight: 400;\"> L\u2019<\/span><b>exemple del professorat<\/b><span style=\"font-weight: 400;\"> \u00e9s fonamental: quan un docent mostra com <\/span><b>gestiona la frustraci\u00f3 o la ira<\/b><span style=\"font-weight: 400;\">, transmet <\/span><b>estrat\u00e8gies pr\u00e0ctiques<\/b><span style=\"font-weight: 400;\"> que els alumnes poden imitar.<br \/><br \/><\/span><\/li>\n<li><b>Programes d\u2019educaci\u00f3 emocional integrats<\/b><b><br \/><\/b><span style=\"font-weight: 400;\"> Integrar <\/span><b>din\u00e0miques<\/b><span style=\"font-weight: 400;\"> que treballin la <\/span><b>identificaci\u00f3 d\u2019emocions<\/b><span style=\"font-weight: 400;\">, l\u2019<\/span><b>empatia<\/b><span style=\"font-weight: 400;\"> i les <\/span><b>habilitats socials<\/b><span style=\"font-weight: 400;\"> en activitats quotidianes afavoreix un <\/span><b>aprenentatge m\u00e9s natural<\/b><span style=\"font-weight: 400;\">.<br \/><br \/><\/span><\/li>\n<li><b>\u00das de recursos visuals i narratius<\/b><b><br \/><\/b><span style=\"font-weight: 400;\"> L\u2019\u00fas de <\/span><b>contes, hist\u00f2ries o v\u00eddeos<\/b><span style=\"font-weight: 400;\"> sobre situacions emocionals ajuda els estudiants a <\/span><b>posar nom al que senten<\/b><span style=\"font-weight: 400;\"> i a explorar possibles respostes.<\/span><span style=\"font-weight: 400;\"><br \/><\/span><\/li>\n<li style=\"list-style-type: none;\">\u00a0<\/li>\n<\/ol>\n\t<div id=\"gap-536248287\" class=\"gap-element clearfix\" style=\"display:block; height:auto;\">\n\t\t\n<style>\n#gap-536248287 {\n  padding-top: 30px;\n}\n<\/style>\n\t<\/div>\n\t\n\n<h2>Beneficis d\u2019aplicar aquestes estrat\u00e8gies<\/h2>\n<p><span style=\"font-weight: 400;\">La implementaci\u00f3 d\u2019<\/span><b>estrat\u00e8gies de regulaci\u00f3 emocional<\/b><span style=\"font-weight: 400;\"> a l\u2019aula aporta m\u00faltiples beneficis tant per a l\u2019<\/span><b>alumnat<\/b><span style=\"font-weight: 400;\"> com per al <\/span><b>professorat<\/b><span style=\"font-weight: 400;\">. En primer lloc, contribueix a <\/span><b>millorar el clima escolar<\/b><span style=\"font-weight: 400;\"> i a <\/span><b>reduir els conflictes<\/b><span style=\"font-weight: 400;\">, ja que els estudiants aprenen a <\/span><b>recon\u00e8ixer el que senten<\/b><span style=\"font-weight: 400;\"> i a <\/span><b>expressar-ho de manera m\u00e9s adequada<\/b><span style=\"font-weight: 400;\">. Aix\u00f2 es tradueix en un <\/span><b>entorn m\u00e9s tranquil i propici<\/b><span style=\"font-weight: 400;\"> per a l\u2019aprenentatge.<\/span><\/p>\n<p><span style=\"font-weight: 400;\">A m\u00e9s, quan els alumnes saben gestionar el seu estat emocional, augmenta la seva <\/span><b>capacitat de concentraci\u00f3<\/b><span style=\"font-weight: 400;\">, cosa que repercuteix directament en el <\/span><b>rendiment acad\u00e8mic<\/b><span style=\"font-weight: 400;\">. Poder <\/span><b>mantenir l\u2019atenci\u00f3 en la tasca<\/b><span style=\"font-weight: 400;\">, sense que la <\/span><b>frustraci\u00f3<\/b><span style=\"font-weight: 400;\"> o l\u2019<\/span><b>ansietat<\/b><span style=\"font-weight: 400;\"> els desbordi, els ajuda a aprofitar millor els seus <\/span><b>recursos cognitius<\/b><span style=\"font-weight: 400;\">.<\/span><\/p>\n<p><span style=\"font-weight: 400;\">Un altre benefici important \u00e9s el desenvolupament d\u2019<\/span><b>habilitats socials<\/b><span style=\"font-weight: 400;\">. La <\/span><b>regulaci\u00f3 emocional<\/b><span style=\"font-weight: 400;\"> afavoreix l\u2019<\/span><b>empatia<\/b><span style=\"font-weight: 400;\">, l\u2019<\/span><b>escolta<\/b><span style=\"font-weight: 400;\"> i la <\/span><b>cooperaci\u00f3<\/b><span style=\"font-weight: 400;\">, compet\u00e8ncies essencials per a la <\/span><b>conviv\u00e8ncia<\/b><span style=\"font-weight: 400;\"> dins i fora de l\u2019aula.<\/span><\/p>\n<p><span style=\"font-weight: 400;\">Per al professorat, aplicar aquestes estrat\u00e8gies tamb\u00e9 suposa una millora en el <\/span><b>benestar emocional<\/b><span style=\"font-weight: 400;\">, ja que treballar en una aula m\u00e9s equilibrada i amb menys tensions <\/span><b>redueix el desgast<\/b><span style=\"font-weight: 400;\"> i facilita una <\/span><b>relaci\u00f3 m\u00e9s positiva amb el grup<\/b><span style=\"font-weight: 400;\">.<\/span><\/p>\n<p><span style=\"font-weight: 400;\">Finalment, en per\u00edodes com la <\/span><b>tornada a classe despr\u00e9s de les vacances d\u2019estiu<\/b><span style=\"font-weight: 400;\">, aquestes pr\u00e0ctiques permeten una <\/span><b>adaptaci\u00f3 m\u00e9s r\u00e0pida<\/b><span style=\"font-weight: 400;\"> a la <\/span><b>rutina escolar<\/b><span style=\"font-weight: 400;\"> i <\/span><b>prevenen l\u2019aparici\u00f3 de problemes de conducta<\/b><span style=\"font-weight: 400;\"> vinculats a la <\/span><b>desregulaci\u00f3 emocional<\/b><span style=\"font-weight: 400;\">, tan freq\u00fcents en les primeres setmanes de curs.<\/span><\/p>\n\n\t\t<\/div>\n\t\t\t\t\t<\/div>\n\n\t\n\n<\/div>\n\n","protected":false},"excerpt":{"rendered":"<p>En aquest article descobrir\u00e0s estrat\u00e8gies de regulaci\u00f3 emocional a l\u2019aula per afavorir l\u2019adaptaci\u00f3 escolar i la tornada a classe despr\u00e9s de l\u2019estiu.<\/p>\n","protected":false},"author":119844,"featured_media":208267,"comment_status":"open","ping_status":"closed","sticky":false,"template":"","format":"standard","meta":{"_acf_changed":false,"footnotes":""},"categories":[876,877,878],"tags":[881,880,879,882],"class_list":["post-208270","post","type-post","status-publish","format-standard","has-post-thumbnail","hentry","category-atencio-a-la-diversitat","category-educacio-i-escola","category-neurociencia-ca","tag-diversitat","tag-educacio-inclusiva","tag-neurociencia-ca","tag-neuroeducacio"],"acf":[],"_links":{"self":[{"href":"https:\/\/integratek.es\/ca\/wp-json\/wp\/v2\/posts\/208270","targetHints":{"allow":["GET"]}}],"collection":[{"href":"https:\/\/integratek.es\/ca\/wp-json\/wp\/v2\/posts"}],"about":[{"href":"https:\/\/integratek.es\/ca\/wp-json\/wp\/v2\/types\/post"}],"author":[{"embeddable":true,"href":"https:\/\/integratek.es\/ca\/wp-json\/wp\/v2\/users\/119844"}],"replies":[{"embeddable":true,"href":"https:\/\/integratek.es\/ca\/wp-json\/wp\/v2\/comments?post=208270"}],"version-history":[{"count":2,"href":"https:\/\/integratek.es\/ca\/wp-json\/wp\/v2\/posts\/208270\/revisions"}],"predecessor-version":[{"id":208272,"href":"https:\/\/integratek.es\/ca\/wp-json\/wp\/v2\/posts\/208270\/revisions\/208272"}],"wp:featuredmedia":[{"embeddable":true,"href":"https:\/\/integratek.es\/ca\/wp-json\/wp\/v2\/media\/208267"}],"wp:attachment":[{"href":"https:\/\/integratek.es\/ca\/wp-json\/wp\/v2\/media?parent=208270"}],"wp:term":[{"taxonomy":"category","embeddable":true,"href":"https:\/\/integratek.es\/ca\/wp-json\/wp\/v2\/categories?post=208270"},{"taxonomy":"post_tag","embeddable":true,"href":"https:\/\/integratek.es\/ca\/wp-json\/wp\/v2\/tags?post=208270"}],"curies":[{"name":"wp","href":"https:\/\/api.w.org\/{rel}","templated":true}]}}