{"id":204609,"date":"2019-04-29T15:17:57","date_gmt":"2019-04-29T13:17:57","guid":{"rendered":"https:\/\/integratek.es\/2025\/07\/23\/mites-sobre-el-treball-per-projectes\/"},"modified":"2025-09-04T12:35:34","modified_gmt":"2025-09-04T10:35:34","slug":"mites-sobre-el-treball-per-projectes","status":"publish","type":"post","link":"https:\/\/integratek.es\/ca\/2019\/04\/29\/mites-sobre-el-treball-per-projectes\/","title":{"rendered":"Mites sobre el treball per projectes"},"content":{"rendered":"\n\n\t<section class=\"section\" id=\"section_593278405\">\n\t\t<div class=\"section-bg fill\" >\n\t\t\t\t\t\t\t\t\t\n\t\t\t\n\n\t\t<\/div>\n\n\t\t\n\n\t\t<div class=\"section-content relative\">\n\t\t\t\n\n<div class=\"row\"  id=\"row-352359920\">\n\n\n\t<div id=\"col-1667112867\" class=\"col small-12 large-12\"  >\n\t\t\t\t<div class=\"col-inner\"  >\n\t\t\t\n\t\t\t\n\n<p style=\"text-align: center;\">Qu\u00e8 hi ha de realitat i qu\u00e8 hi ha de fals mite?<\/p>\n\n\t\t<\/div>\n\t\t\t\t\t<\/div>\n\n\t\n\n<\/div>\n\n\t\t<\/div>\n\n\t\t\n<style>\n#section_593278405 {\n  padding-top: 30px;\n  padding-bottom: 30px;\n}\n<\/style>\n\t<\/section>\n\t\n\n\t<section class=\"section\" id=\"section_1564968194\">\n\t\t<div class=\"section-bg fill\" >\n\t\t\t\t\t\t\t\t\t\n\t\t\t\n\n\t\t<\/div>\n\n\t\t\n\n\t\t<div class=\"section-content relative\">\n\t\t\t\n\n<div class=\"row\"  id=\"row-2140506016\">\n\n\n\t<div id=\"col-888046919\" class=\"col small-12 large-12\"  >\n\t\t\t\t<div class=\"col-inner\"  >\n\t\t\t\n\t\t\t\n\n<blockquote>\n<p style=\"text-align: right;\"><span style=\"font-size: 75%;\"><i><span style=\"font-weight: 400;\">\u201cUn projecte \u00e9s un lloc on volem anar, per\u00f2 tamb\u00e9 \u00e9s el cam\u00ed que cal rec\u00f3rrer per arribar-hi\u201d. \u00a0\u00a0<\/span><\/i><\/span><\/p>\n<p style=\"text-align: right;\"><span style=\"font-size: 75%;\"><i><span style=\"font-weight: 400;\">Jim\u00e9nez, MA<\/span><\/i><\/span><\/p>\n<\/blockquote>\n\n\t\t<\/div>\n\t\t\t\t\t<\/div>\n\n\t\n\n<\/div>\n\n\t\t<\/div>\n\n\t\t\n<style>\n#section_1564968194 {\n  padding-top: 30px;\n  padding-bottom: 30px;\n}\n<\/style>\n\t<\/section>\n\t\n\n\t<section class=\"section\" id=\"section_2124690003\">\n\t\t<div class=\"section-bg fill\" >\n\t\t\t\t\t\t\t\t\t\n\t\t\t\n\n\t\t<\/div>\n\n\t\t\n\n\t\t<div class=\"section-content relative\">\n\t\t\t\n\n<div class=\"row\"  id=\"row-77707208\">\n\n\n\t<div id=\"col-2037363134\" class=\"col small-12 large-12\"  >\n\t\t\t\t<div class=\"col-inner\"  >\n\t\t\t\n\t\t\t\n\n<p>Des de 1918, amb Killpatrick, portem parlant del treball per Projectes, sense de vegades tenir gaire clar qu\u00e8 \u00e9s o com s&#8217;organitza.<\/p>\n<p><br \/>Killpatrick ent\u00e9n que el projecte \u00e9s una activitat pr\u00e8viament determinada la intenci\u00f3 dominant de la qual \u00e9s una finalitat real que orienta els procediments i els confereix una motivaci\u00f3. Des d&#8217;aquesta perspectiva, entenem el Projecte com un pla de treball o un conjunt de tasques, lliurement elegit per l&#8217;alumnat o proposat, de vegades, pel professorat, per resoldre alguna cosa en all\u00f2 que estan interessats.<\/p>\n<p><br \/>A partir de la idea inicial, fins als nostres dies s&#8217;ha anat nodrint d&#8217;influ\u00e8ncies i perspectives, i fins i tot han anat apareixent variants a la idea inicial del treball per projectes com pot ser: l&#8217;aprenentatge basat en problemes o l&#8217;aprenentatge serveis.<\/p>\n<p><br \/>La influ\u00e8ncia de M\u00aa Carmen D\u00edez, Blanca Aguilar, M\u00aa Carmen Lainez i Juanjo Vergara a Espanya sobre el treball, l&#8217;ensenyament i l&#8217;aprenentatge de Projectes ha estat determinant dotant-lo cadascun d&#8217;una empremta especial.<\/p>\n<p>Podr\u00edem establir per tant que un projecte \u00e9s:<\/p>\n<ul>\n<li>Un recorregut per un tema problema que afavoreix l&#8217;an\u00e0lisi, la interpretaci\u00f3 i la cr\u00edtica (com a contrast de punts de vista).<\/li>\n<li>Una metodologia on predomina l&#8217;actitud de cooperaci\u00f3 i el professorat \u00e9s un aprenent i no pas un expert.<\/li>\n<li>Un recorregut que cerca establir connexions i que q\u00fcestiona la idea duna versi\u00f3 \u00fanica de la realitat. Cada recorregut \u00e9s singular i es treballa amb diferents tipus dinformaci\u00f3.<\/li>\n<li>Una metodologia on el docent ensenya a escoltar: del que diuen els altres, tamb\u00e9 en podem aprendre.<\/li>\n<li>Un acostament actualitzat als problemes de les disciplines i els sabers.<\/li>\n<li>Una forma d&#8217;aprenentatge en qu\u00e8 es t\u00e9 en compte que tots els alumnes i les alumnes poden aprendre si troben el lloc per fer-ho.<\/li>\n<\/ul>\n<p>Per\u00f2 al voltant de tot aquesta efervesc\u00e8ncia de propostes i idees han anat sorgint tamb\u00e9 algunes creences falses o mites sobre el treball per projectes que ens agradaria destacar:<\/p>\n\n\t\t<\/div>\n\t\t\t\t\t<\/div>\n\n\t\n\n<\/div>\n\n\t\t<\/div>\n\n\t\t\n<style>\n#section_2124690003 {\n  padding-top: 30px;\n  padding-bottom: 30px;\n}\n<\/style>\n\t<\/section>\n\t\n\n\t<section class=\"section\" id=\"section_852980560\">\n\t\t<div class=\"section-bg fill\" >\n\t\t\t\t\t\t\t\t\t\n\t\t\t\n\n\t\t<\/div>\n\n\t\t\n\n\t\t<div class=\"section-content relative\">\n\t\t\t\n\n<div class=\"row\"  id=\"row-1060270021\">\n\n\n\t<div id=\"col-541584035\" class=\"col medium-6 small-12 large-6\"  >\n\t\t\t\t<div class=\"col-inner\"  >\n\t\t\t\n\t\t\t\n\n\t<div class=\"box has-hover   has-hover box-text-bottom\" >\n\n\t\t<div class=\"box-image\" >\n\t\t\t\t\t\t<div class=\"\" >\n\t\t\t\t<img loading=\"lazy\" decoding=\"async\" width=\"561\" height=\"215\" src=\"https:\/\/integratek.es\/wp-content\/uploads\/2019\/10\/1-1.png\" class=\"attachment- size-\" alt=\"\" srcset=\"https:\/\/integratek.es\/wp-content\/uploads\/2019\/10\/1-1.png 561w, https:\/\/integratek.es\/wp-content\/uploads\/2019\/10\/1-1-510x195.png 510w\" sizes=\"auto, (max-width: 561px) 100vw, 561px\" \/>\t\t\t\t\t\t\t\t\t\t\t<\/div>\n\t\t\t\t\t<\/div>\n\n\t\t<div class=\"box-text text-center\" >\n\t\t\t<div class=\"box-text-inner\">\n\t\t\t\t\n\n<p>Una persona nom\u00e9s pot triar all\u00f2 que coneix, per la qual cosa deixar exclusivament l&#8217;elecci\u00f3 dels projectes a l&#8217;alumnat significa prescindir del valor de la cultura i de dotar-ne d&#8217;experi\u00e8ncies i possibilitats.<\/p>\n\n\t\t\t<\/div>\n\t\t<\/div>\n\t<\/div>\n\t\n\n\t\t<\/div>\n\t\t\t\t\t<\/div>\n\n\t\n\n\t<div id=\"col-800166883\" class=\"col medium-6 small-12 large-6\"  >\n\t\t\t\t<div class=\"col-inner\"  >\n\t\t\t\n\t\t\t\n\n\t<div class=\"box has-hover   has-hover box-text-bottom\" >\n\n\t\t<div class=\"box-image\" >\n\t\t\t\t\t\t<div class=\"\" >\n\t\t\t\t<img loading=\"lazy\" decoding=\"async\" width=\"560\" height=\"214\" src=\"https:\/\/integratek.es\/wp-content\/uploads\/2019\/10\/2-1.png\" class=\"attachment- size-\" alt=\"\" srcset=\"https:\/\/integratek.es\/wp-content\/uploads\/2019\/10\/2-1.png 560w, https:\/\/integratek.es\/wp-content\/uploads\/2019\/10\/2-1-510x195.png 510w\" sizes=\"auto, (max-width: 560px) 100vw, 560px\" \/>\t\t\t\t\t\t\t\t\t\t\t<\/div>\n\t\t\t\t\t<\/div>\n\n\t\t<div class=\"box-text text-center\" >\n\t\t\t<div class=\"box-text-inner\">\n\t\t\t\t\n\n<p style=\"text-align: left;\">Un projecte est\u00e0 definit per l&#8217;enfocament i la metodologia que t\u00e9 i no per la tem\u00e0tica. Quan es treballa per projectes es treballa de forma inductiva i investigativa, partint de les hip\u00f2tesis inicials de lalumnat per arribar al final del mateix a unes conclusions.<\/p>\n\n\t\t\t<\/div>\n\t\t<\/div>\n\t<\/div>\n\t\n\n\t\t<\/div>\n\t\t\t\t\t<\/div>\n\n\t\n\n<\/div>\n<div class=\"row\"  id=\"row-519059508\">\n\n\n\t<div id=\"col-2043786349\" class=\"col medium-6 small-12 large-6\"  >\n\t\t\t\t<div class=\"col-inner\"  >\n\t\t\t\n\t\t\t\n\n\t<div class=\"box has-hover   has-hover box-text-bottom\" >\n\n\t\t<div class=\"box-image\" >\n\t\t\t\t\t\t<div class=\"\" >\n\t\t\t\t<img loading=\"lazy\" decoding=\"async\" width=\"560\" height=\"214\" src=\"https:\/\/integratek.es\/wp-content\/uploads\/2019\/10\/3-1.png\" class=\"attachment- size-\" alt=\"\" srcset=\"https:\/\/integratek.es\/wp-content\/uploads\/2019\/10\/3-1.png 560w, https:\/\/integratek.es\/wp-content\/uploads\/2019\/10\/3-1-510x195.png 510w\" sizes=\"auto, (max-width: 560px) 100vw, 560px\" \/>\t\t\t\t\t\t\t\t\t\t\t<\/div>\n\t\t\t\t\t<\/div>\n\n\t\t<div class=\"box-text text-center\" >\n\t\t\t<div class=\"box-text-inner\">\n\t\t\t\t\n\n<p>Dins de les funcions del professorat hi ha la programaci\u00f3 i com a tal \u00e9s una cosa que ha de fer en qualsevol cas. Quan el que programem s\u00f3n projectes, hem de programar l&#8217;estructura i els procediments. Per\u00f2 \u00e9s fonamental que no quedi a l&#8217;atzar. Una programaci\u00f3 es dissenya per ser implementada i per tant estant oberta a modificacions.<\/p>\n\n\t\t\t<\/div>\n\t\t<\/div>\n\t<\/div>\n\t\n\n\t\t<\/div>\n\t\t\t\t\t<\/div>\n\n\t\n\n\t<div id=\"col-1905651404\" class=\"col medium-6 small-12 large-6\"  >\n\t\t\t\t<div class=\"col-inner\"  >\n\t\t\t\n\t\t\t\n\n\t<div class=\"box has-hover   has-hover box-text-bottom\" >\n\n\t\t<div class=\"box-image\" >\n\t\t\t\t\t\t<div class=\"\" >\n\t\t\t\t<img loading=\"lazy\" decoding=\"async\" width=\"560\" height=\"214\" src=\"https:\/\/integratek.es\/wp-content\/uploads\/2019\/10\/4-1.png\" class=\"attachment- size-\" alt=\"\" srcset=\"https:\/\/integratek.es\/wp-content\/uploads\/2019\/10\/4-1.png 560w, https:\/\/integratek.es\/wp-content\/uploads\/2019\/10\/4-1-510x195.png 510w\" sizes=\"auto, (max-width: 560px) 100vw, 560px\" \/>\t\t\t\t\t\t\t\t\t\t\t<\/div>\n\t\t\t\t\t<\/div>\n\n\t\t<div class=\"box-text text-center\" >\n\t\t\t<div class=\"box-text-inner\">\n\t\t\t\t\n\n<p>Com en qualsevol proc\u00e9s d&#8217;ensenyament i aprenentatge, els projectes s&#8217;avaluen. Savalua el proc\u00e9s densenyament, el projecte, la implicaci\u00f3\u2026 per\u00f2 per altra banda savalua a lalumnat amb diferents t\u00e8cniques i eines.<\/p>\n\n\t\t\t<\/div>\n\t\t<\/div>\n\t<\/div>\n\t\n\n\t\t<\/div>\n\t\t\t\t\t<\/div>\n\n\t\n\n<\/div>\n<div class=\"row\"  id=\"row-185089588\">\n\n\n\t<div id=\"col-606532028\" class=\"col medium-6 small-12 large-6\"  >\n\t\t\t\t<div class=\"col-inner\"  >\n\t\t\t\n\t\t\t\n\n\t<div class=\"box has-hover   has-hover box-text-bottom\" >\n\n\t\t<div class=\"box-image\" >\n\t\t\t\t\t\t<div class=\"\" >\n\t\t\t\t<img loading=\"lazy\" decoding=\"async\" width=\"560\" height=\"214\" src=\"https:\/\/integratek.es\/wp-content\/uploads\/2019\/10\/5-1.png\" class=\"attachment- size-\" alt=\"\" srcset=\"https:\/\/integratek.es\/wp-content\/uploads\/2019\/10\/5-1.png 560w, https:\/\/integratek.es\/wp-content\/uploads\/2019\/10\/5-1-510x195.png 510w\" sizes=\"auto, (max-width: 560px) 100vw, 560px\" \/>\t\t\t\t\t\t\t\t\t\t\t<\/div>\n\t\t\t\t\t<\/div>\n\n\t\t<div class=\"box-text text-center\" >\n\t\t\t<div class=\"box-text-inner\">\n\t\t\t\t\n\n<p>Com en qualsevol proc\u00e9s d&#8217;ensenyament i aprenentatge, els projectes s&#8217;avaluen. Savalua el proc\u00e9s densenyament, el projecte, la implicaci\u00f3\u2026 per\u00f2 per altra banda savalua a lalumnat amb diferents t\u00e8cniques i eines.<\/p>\n\n\t\t\t<\/div>\n\t\t<\/div>\n\t<\/div>\n\t\n\n\t\t<\/div>\n\t\t\t\t\t<\/div>\n\n\t\n\n\t<div id=\"col-1889736731\" class=\"col medium-6 small-12 large-6\"  >\n\t\t\t\t<div class=\"col-inner\"  >\n\t\t\t\n\t\t\t\n\n\t<div class=\"box has-hover   has-hover box-text-bottom\" >\n\n\t\t<div class=\"box-image\" >\n\t\t\t\t\t\t<div class=\"\" >\n\t\t\t\t<img loading=\"lazy\" decoding=\"async\" width=\"560\" height=\"214\" src=\"https:\/\/integratek.es\/wp-content\/uploads\/2019\/10\/6-1.png\" class=\"attachment- size-\" alt=\"\" srcset=\"https:\/\/integratek.es\/wp-content\/uploads\/2019\/10\/6-1.png 560w, https:\/\/integratek.es\/wp-content\/uploads\/2019\/10\/6-1-510x195.png 510w\" sizes=\"auto, (max-width: 560px) 100vw, 560px\" \/>\t\t\t\t\t\t\t\t\t\t\t<\/div>\n\t\t\t\t\t<\/div>\n\n\t\t<div class=\"box-text text-center\" >\n\t\t\t<div class=\"box-text-inner\">\n\t\t\t\t\n\n<p>La tecnologia es pot fer servir com a recurs valu\u00f3s tant pel professorat com per l&#8217;alumnat per\u00f2 no \u00e9s imprescindible.<\/p>\n\n\t\t\t<\/div>\n\t\t<\/div>\n\t<\/div>\n\t\n\n\t\t<\/div>\n\t\t\t\t\t<\/div>\n\n\t\n\n<\/div>\n<div class=\"row\"  id=\"row-504671670\">\n\n\n\t<div id=\"col-885505983\" class=\"col medium-6 small-12 large-6\"  >\n\t\t\t\t<div class=\"col-inner\"  >\n\t\t\t\n\t\t\t\n\n\t<div class=\"box has-hover   has-hover box-text-bottom\" >\n\n\t\t<div class=\"box-image\" >\n\t\t\t\t\t\t<div class=\"\" >\n\t\t\t\t<img loading=\"lazy\" decoding=\"async\" width=\"560\" height=\"214\" src=\"https:\/\/integratek.es\/wp-content\/uploads\/2019\/10\/7-1.png\" class=\"attachment- size-\" alt=\"\" srcset=\"https:\/\/integratek.es\/wp-content\/uploads\/2019\/10\/7-1.png 560w, https:\/\/integratek.es\/wp-content\/uploads\/2019\/10\/7-1-510x195.png 510w\" sizes=\"auto, (max-width: 560px) 100vw, 560px\" \/>\t\t\t\t\t\t\t\t\t\t\t<\/div>\n\t\t\t\t\t<\/div>\n\n\t\t<div class=\"box-text text-center\" >\n\t\t\t<div class=\"box-text-inner\">\n\t\t\t\t\n\n<p>Treballar per projectes no implica treballar de manera exclusiva. De fet, \u00e9s important que els projectes es completin i reforcin amb altres maneres de procedir.<\/p>\n\n\t\t\t<\/div>\n\t\t<\/div>\n\t<\/div>\n\t\n\n\t\t<\/div>\n\t\t\t\t\t<\/div>\n\n\t\n\n\t<div id=\"col-808479671\" class=\"col medium-6 small-12 large-6\"  >\n\t\t\t\t<div class=\"col-inner\"  >\n\t\t\t\n\t\t\t\n\n\t<div class=\"box has-hover   has-hover box-text-bottom\" >\n\n\t\t<div class=\"box-image\" >\n\t\t\t\t\t\t<div class=\"\" >\n\t\t\t\t<img loading=\"lazy\" decoding=\"async\" width=\"560\" height=\"214\" src=\"https:\/\/integratek.es\/wp-content\/uploads\/2019\/10\/8-1.png\" class=\"attachment- size-\" alt=\"\" srcset=\"https:\/\/integratek.es\/wp-content\/uploads\/2019\/10\/8-1.png 560w, https:\/\/integratek.es\/wp-content\/uploads\/2019\/10\/8-1-510x195.png 510w\" sizes=\"auto, (max-width: 560px) 100vw, 560px\" \/>\t\t\t\t\t\t\t\t\t\t\t<\/div>\n\t\t\t\t\t<\/div>\n\n\t\t<div class=\"box-text text-center\" >\n\t\t\t<div class=\"box-text-inner\">\n\t\t\t\t\n\n<p>Els projectes no tenen una durada predefinida ni tots han de durar el mateix. Aix\u00f2 vindr\u00e0 determinat pel tipus de projecte, per la seq\u00fc\u00e8ncia planificada aix\u00ed com l&#8217;inter\u00e8s suscitat.<\/p>\n\n\t\t\t<\/div>\n\t\t<\/div>\n\t<\/div>\n\t\n\n\t\t<\/div>\n\t\t\t\t\t<\/div>\n\n\t\n\n<\/div>\n\n\t\t<\/div>\n\n\t\t\n<style>\n#section_852980560 {\n  padding-top: 30px;\n  padding-bottom: 30px;\n}\n<\/style>\n\t<\/section>\n\t\n\n\t<section class=\"section\" id=\"section_1300156272\">\n\t\t<div class=\"section-bg fill\" >\n\t\t\t\t\t\t\t\t\t\n\t\t\t\n\n\t\t<\/div>\n\n\t\t\n\n\t\t<div class=\"section-content relative\">\n\t\t\t\n\n<p>Els projectes de treball permeten a l&#8217;alumnat adquirir estrat\u00e8gies que els ajuden a aprendre, analitzar i organitzar les seves activitats, establir relacions entre coses o fen\u00f2mens, desenvolupar habilitats i seq\u00fc\u00e8ncies d&#8217;acci\u00f3 \u00fatils per al seu desenvolupament personal i social, consolidar i interioritzar les compet\u00e8ncies m\u00e9s enll\u00e0 de l&#8217;especificitat pr\u00f2pia de cada \u00e0rea o mat\u00e8ria.<\/p>\n<p><br \/>Rebutjar falsos mites o creences err\u00f2nies sobre els projectes ens far\u00e0 m\u00e9s competents i alhora m\u00e9s lliures per poder triar amb criteri i fonamentaci\u00f3 sobre el qu\u00e8 i el com fer en educaci\u00f3 infantil i prim\u00e0ria.<\/p>\n<p style=\"text-align: right;\"><span style=\"font-weight: 400;\">Olga Mart\u00ednez C\u00e1rdenas<\/span><\/p>\n\n\t\t<\/div>\n\n\t\t\n<style>\n#section_1300156272 {\n  padding-top: 30px;\n  padding-bottom: 30px;\n}\n<\/style>\n\t<\/section>\n\t\n\n","protected":false},"excerpt":{"rendered":"","protected":false},"author":5845,"featured_media":108279,"comment_status":"open","ping_status":"open","sticky":false,"template":"","format":"standard","meta":{"_acf_changed":false,"footnotes":""},"categories":[958],"tags":[],"class_list":["post-204609","post","type-post","status-publish","format-standard","has-post-thumbnail","hentry","category-univers-de-les-paraules"],"acf":[],"_links":{"self":[{"href":"https:\/\/integratek.es\/ca\/wp-json\/wp\/v2\/posts\/204609","targetHints":{"allow":["GET"]}}],"collection":[{"href":"https:\/\/integratek.es\/ca\/wp-json\/wp\/v2\/posts"}],"about":[{"href":"https:\/\/integratek.es\/ca\/wp-json\/wp\/v2\/types\/post"}],"author":[{"embeddable":true,"href":"https:\/\/integratek.es\/ca\/wp-json\/wp\/v2\/users\/5845"}],"replies":[{"embeddable":true,"href":"https:\/\/integratek.es\/ca\/wp-json\/wp\/v2\/comments?post=204609"}],"version-history":[{"count":5,"href":"https:\/\/integratek.es\/ca\/wp-json\/wp\/v2\/posts\/204609\/revisions"}],"predecessor-version":[{"id":207890,"href":"https:\/\/integratek.es\/ca\/wp-json\/wp\/v2\/posts\/204609\/revisions\/207890"}],"wp:featuredmedia":[{"embeddable":true,"href":"https:\/\/integratek.es\/ca\/wp-json\/wp\/v2\/media\/108279"}],"wp:attachment":[{"href":"https:\/\/integratek.es\/ca\/wp-json\/wp\/v2\/media?parent=204609"}],"wp:term":[{"taxonomy":"category","embeddable":true,"href":"https:\/\/integratek.es\/ca\/wp-json\/wp\/v2\/categories?post=204609"},{"taxonomy":"post_tag","embeddable":true,"href":"https:\/\/integratek.es\/ca\/wp-json\/wp\/v2\/tags?post=204609"}],"curies":[{"name":"wp","href":"https:\/\/api.w.org\/{rel}","templated":true}]}}